{"id":135499,"date":"2025-07-30T13:00:30","date_gmt":"2025-07-30T16:00:30","guid":{"rendered":"https:\/\/onordeste.com.br\/?p=135484"},"modified":"2025-07-30T13:00:30","modified_gmt":"2025-07-30T16:00:30","slug":"camara-aprova-ldo-2026","status":"publish","type":"post","link":"https:\/\/iparaiba.com.br\/index.php\/2025\/07\/30\/camara-aprova-ldo-2026\/","title":{"rendered":"C\u00e2mara aprova LDO 2026"},"content":{"rendered":"<p>A C\u00e2mara Municipal de Campina Grande aprovou o Projeto de Lei n\u00ba 402\/2025, de autoria do Poder Executivo, que disp\u00f5e sobre a Lei de Diretrizes Or\u00e7ament\u00e1rias (LDO) para o exerc\u00edcio de 2026. A mat\u00e9ria estabelece as metas e prioridades da gest\u00e3o municipal para o pr\u00f3ximo ano, al\u00e9m de orientar a elabora\u00e7\u00e3o do or\u00e7amento p\u00fablico. A LDO \u00e9 um instrumento fundamental de planejamento governamental e servir\u00e1 de base para a formula\u00e7\u00e3o da Lei Or\u00e7ament\u00e1ria Anual (LOA) de 2026, que dever\u00e1 ser discutida, apreciada e votada pelo Legislativo.<\/p>\n<p>A sess\u00e3o foi presidida pelo vereador Saulo Noronha e secretariada pelo vereador Rafaf\u00e1, contando com a participa\u00e7\u00e3o dos parlamentares no expediente e, em seguida, na aprecia\u00e7\u00e3o das mat\u00e9rias legislativas. Durante os debates, foi destacada a apresenta\u00e7\u00e3o da Emenda n\u00ba 001 ao PL n\u00ba 402\/2025, proposta pela bancada de oposi\u00e7\u00e3o, que tratava da inclus\u00e3o das emendas impositivas ao projeto da LDO. O parecer da Comiss\u00e3o de Finan\u00e7as, Or\u00e7amento, Fiscaliza\u00e7\u00e3o Financeira e Controle apontou a constitucionalidade da emenda, contudo, a mat\u00e9ria foi rejeitada por unanimidade em plen\u00e1rio.<\/p>\n<p>O vereador Luciano Breno, apesar de ter se manifestado favor\u00e1vel \u00e0 institucionaliza\u00e7\u00e3o das emendas impositivas e de reconhecer a constitucionalidade da proposta, encaminhou voto contr\u00e1rio devido \u00e0 discord\u00e2ncia com o percentual sugerido pela oposi\u00e7\u00e3o. Segundo Breno, houve tentativa de di\u00e1logo entre o chefe do Poder Executivo e a bancada de oposi\u00e7\u00e3o, no intuito de rever o percentual, mas sem \u00eaxito.<\/p>\n","protected":false},"excerpt":{"rendered":"<p>A C\u00e2mara Municipal de Campina Grande aprovou o Projeto de Lei n\u00ba 402\/2025, de autoria do Poder Executivo, que disp\u00f5e sobre a Lei de Diretrizes Or\u00e7ament\u00e1rias (LDO) para o exerc\u00edcio de 2026. A mat\u00e9ria estabelece as metas e prioridades da gest\u00e3o municipal para o pr\u00f3ximo ano, al\u00e9m de orientar a elabora\u00e7\u00e3o do or\u00e7amento p\u00fablico. A &hellip;<\/p>\n","protected":false},"author":1,"featured_media":97504,"comment_status":"open","ping_status":"open","sticky":false,"template":"","format":"standard","meta":{"footnotes":""},"categories":[8],"tags":[],"class_list":["post-135499","post","type-post","status-publish","format-standard","has-post-thumbnail","hentry","category-politica"],"_links":{"self":[{"href":"https:\/\/iparaiba.com.br\/index.php\/wp-json\/wp\/v2\/posts\/135499","targetHints":{"allow":["GET"]}}],"collection":[{"href":"https:\/\/iparaiba.com.br\/index.php\/wp-json\/wp\/v2\/posts"}],"about":[{"href":"https:\/\/iparaiba.com.br\/index.php\/wp-json\/wp\/v2\/types\/post"}],"author":[{"embeddable":true,"href":"https:\/\/iparaiba.com.br\/index.php\/wp-json\/wp\/v2\/users\/1"}],"replies":[{"embeddable":true,"href":"https:\/\/iparaiba.com.br\/index.php\/wp-json\/wp\/v2\/comments?post=135499"}],"version-history":[{"count":1,"href":"https:\/\/iparaiba.com.br\/index.php\/wp-json\/wp\/v2\/posts\/135499\/revisions"}],"predecessor-version":[{"id":135525,"href":"https:\/\/iparaiba.com.br\/index.php\/wp-json\/wp\/v2\/posts\/135499\/revisions\/135525"}],"wp:featuredmedia":[{"embeddable":true,"href":"https:\/\/iparaiba.com.br\/index.php\/wp-json\/wp\/v2\/media\/97504"}],"wp:attachment":[{"href":"https:\/\/iparaiba.com.br\/index.php\/wp-json\/wp\/v2\/media?parent=135499"}],"wp:term":[{"taxonomy":"category","embeddable":true,"href":"https:\/\/iparaiba.com.br\/index.php\/wp-json\/wp\/v2\/categories?post=135499"},{"taxonomy":"post_tag","embeddable":true,"href":"https:\/\/iparaiba.com.br\/index.php\/wp-json\/wp\/v2\/tags?post=135499"}],"curies":[{"name":"wp","href":"https:\/\/api.w.org\/{rel}","templated":true}]}}