{"id":135475,"date":"2025-07-23T17:32:48","date_gmt":"2025-07-23T20:32:48","guid":{"rendered":"https:\/\/onordeste.com.br\/?p=135427"},"modified":"2025-07-23T17:32:48","modified_gmt":"2025-07-23T20:32:48","slug":"situacao-das-agencias-reguladoras-necessita-de-atencao","status":"publish","type":"post","link":"https:\/\/iparaiba.com.br\/index.php\/2025\/07\/23\/situacao-das-agencias-reguladoras-necessita-de-atencao\/","title":{"rendered":"Situa\u00e7\u00e3o das ag\u00eancias reguladoras necessita de aten\u00e7\u00e3o"},"content":{"rendered":"<p><strong>A situa\u00e7\u00e3o atual das ag\u00eancias reguladoras<\/strong>\u00a0tem levantado debates entre autoridades e entidades do pa\u00eds. O\u00a0<strong>d\u00e9ficit de pessoal, estrutura administrativa, or\u00e7amento e recursos financeiros tem afetado a capacidade das autarquias<\/strong>\u00a0e causam preocupa\u00e7\u00e3o tanto nos \u00f3rg\u00e3os p\u00fablicos quanto nos setores regulados pelas ag\u00eancias. O tema foi assunto de audi\u00eancia p\u00fablica na \u00faltima semana (8\/7), na Comiss\u00e3o de Infraestrutura do Senado Federal.<\/p>\n<p><strong>O Tribunal de Contas da Uni\u00e3o (TCU), por sua vez, tem apresentado diagn\u00f3sticos ao longo dos anos que comprovam as informa\u00e7\u00f5es que motivam o alerta.<\/strong>\u00a0N\u00fameros apresentados pelo secret\u00e1rio de Controle Externo de Energia e Comunica\u00e7\u00f5es do TCU, Alexandre Figueiredo, na audi\u00eancia do Senado, baseiam- se em fiscaliza\u00e7\u00f5es espec\u00edficas sobre as atividades das ag\u00eancias\u00a0reguladoras.<\/p>\n<p>Atualmente, a Corte de Contas tem\u00a0<strong>fiscaliza\u00e7\u00e3o em andamento em quatro das 11 ag\u00eancias que atuam no Brasil.<\/strong>\u00a0A auditoria est\u00e1 sendo realizada nas ag\u00eancias nacionais de Telecomunica\u00e7\u00f5es (Anatel), de Energia El\u00e9trica (Aneel), de Minera\u00e7\u00e3o (ANM) e de Petr\u00f3leo, G\u00e1s Natural e Biocombust\u00edveis (ANP). Contudo, a ideia \u00e9 que, posteriormente, a a\u00e7\u00e3o de controle seja estendida a todas as ag\u00eancias que atuam em setores regulados no pa\u00eds, em aten\u00e7\u00e3o \u00e0 comunica\u00e7\u00e3o realizada pelo ministro Vital do R\u00eago no fim de 2024.<\/p>\n<p>Ao apresentar dados p\u00fablicos aos participantes da reuni\u00e3o, Figueiredo deixou claro que a\u00a0<strong>situa\u00e7\u00e3o precisa de respostas cuidadosas para evitar o colapso nas autarquias.<\/strong><\/p>\n<p>\u201cUm dos problemas \u00e9 que o referencial monet\u00e1rio que \u00e9 disponibilizado pela Secretaria de Or\u00e7amento Federal (SOF) todos os anos fica aqu\u00e9m do solicitado pelas ag\u00eancias. Na Lei Or\u00e7ament\u00e1ria Anual (LOA) aprovada j\u00e1 h\u00e1 diferen\u00e7a entre o que \u00e9 solicitado e o que, de fato, \u00e9 direcionado \u00e0s ag\u00eancias e, durante a execu\u00e7\u00e3o or\u00e7ament\u00e1ria, h\u00e1 cortes e contingenciamentos. E estamos trazendo isso de forma bastante detalhada para as ag\u00eancias fiscalizadas\u201d, resumiu o secret\u00e1rio.<\/p>\n<p>Ele tamb\u00e9m destacou que\u00a0<strong>h\u00e1 decl\u00ednio no n\u00famero de servidores das autarquias.<\/strong>\u00a0De acordo com Figueiredo, o in\u00edcio da discuss\u00e3o deve se dar pelo dimensionamento da for\u00e7a de trabalho de cada uma. \u201cQue todas possam ter mapeado todo seu processo de trabalho, o que o processo entrega, em quanto tempo e de quantos servidores precisa\u201d, ressaltou. \u201cH\u00e1, de fato, descompasso estrutural entre a organiza\u00e7\u00e3o das ag\u00eancias, a capacidade e a quantidade de demandas e compet\u00eancias que foram se empilhando ao longo dos \u00faltimos anos\u201d, completou o secret\u00e1rio.<\/p>\n<p>O relat\u00f3rio est\u00e1 em fase final de conclus\u00e3o e deve ser enviado nas pr\u00f3ximas semanas ao relator, ministro Jorge Oliveira (TC 022.280\/2024-3).<\/p>\n<p align=\"center\"><a href=\"https:\/\/www.youtube.com\/live\/78xiSthbybc\"><img loading=\"lazy\" decoding=\"async\" src=\"https:\/\/portal.tcu.gov.br\/data\/files\/88\/A7\/0E\/35\/62A1891070549D79F18818A8\/Acesse%20aqui%20a%20integra%20do%20debate%20na%20audiencia%20publica_.png\" alt=\"Acesse aqui a integra do debate na audiencia publica_.png\" width=\"600\" height=\"91\" \/><\/a><\/p>\n","protected":false},"excerpt":{"rendered":"<p>A situa\u00e7\u00e3o atual das ag\u00eancias reguladoras\u00a0tem levantado debates entre autoridades e entidades do pa\u00eds. O\u00a0d\u00e9ficit de pessoal, estrutura administrativa, or\u00e7amento e recursos financeiros tem afetado a capacidade das autarquias\u00a0e causam preocupa\u00e7\u00e3o tanto nos \u00f3rg\u00e3os p\u00fablicos quanto nos setores regulados pelas ag\u00eancias. O tema foi assunto de audi\u00eancia p\u00fablica na \u00faltima semana (8\/7), na Comiss\u00e3o de &hellip;<\/p>\n","protected":false},"author":1,"featured_media":97401,"comment_status":"open","ping_status":"open","sticky":false,"template":"","format":"standard","meta":{"footnotes":""},"categories":[7],"tags":[],"class_list":["post-135475","post","type-post","status-publish","format-standard","has-post-thumbnail","hentry","category-diversas"],"_links":{"self":[{"href":"https:\/\/iparaiba.com.br\/index.php\/wp-json\/wp\/v2\/posts\/135475","targetHints":{"allow":["GET"]}}],"collection":[{"href":"https:\/\/iparaiba.com.br\/index.php\/wp-json\/wp\/v2\/posts"}],"about":[{"href":"https:\/\/iparaiba.com.br\/index.php\/wp-json\/wp\/v2\/types\/post"}],"author":[{"embeddable":true,"href":"https:\/\/iparaiba.com.br\/index.php\/wp-json\/wp\/v2\/users\/1"}],"replies":[{"embeddable":true,"href":"https:\/\/iparaiba.com.br\/index.php\/wp-json\/wp\/v2\/comments?post=135475"}],"version-history":[{"count":0,"href":"https:\/\/iparaiba.com.br\/index.php\/wp-json\/wp\/v2\/posts\/135475\/revisions"}],"wp:featuredmedia":[{"embeddable":true,"href":"https:\/\/iparaiba.com.br\/index.php\/wp-json\/wp\/v2\/media\/97401"}],"wp:attachment":[{"href":"https:\/\/iparaiba.com.br\/index.php\/wp-json\/wp\/v2\/media?parent=135475"}],"wp:term":[{"taxonomy":"category","embeddable":true,"href":"https:\/\/iparaiba.com.br\/index.php\/wp-json\/wp\/v2\/categories?post=135475"},{"taxonomy":"post_tag","embeddable":true,"href":"https:\/\/iparaiba.com.br\/index.php\/wp-json\/wp\/v2\/tags?post=135475"}],"curies":[{"name":"wp","href":"https:\/\/api.w.org\/{rel}","templated":true}]}}