{"id":135473,"date":"2025-07-23T17:29:04","date_gmt":"2025-07-23T20:29:04","guid":{"rendered":"https:\/\/onordeste.com.br\/?p=135423"},"modified":"2025-07-23T17:29:04","modified_gmt":"2025-07-23T20:29:04","slug":"ibsp-destaca-paraiba-entre-os-melhores-estados-do-pais-no-estimulo-a-cultura-da-seguranca","status":"publish","type":"post","link":"https:\/\/iparaiba.com.br\/index.php\/2025\/07\/23\/ibsp-destaca-paraiba-entre-os-melhores-estados-do-pais-no-estimulo-a-cultura-da-seguranca\/","title":{"rendered":"IBSP destaca Para\u00edba entre os melhores Estados do Pa\u00eds no est\u00edmulo \u00e0 cultura da seguran\u00e7a"},"content":{"rendered":"<p style=\"font-weight: 400;\">\u201cA Para\u00edba figura entre os tr\u00eas Estados da Federa\u00e7\u00e3o com melhor desempenho (na \u00e1rea da Vigil\u00e2ncia Sanit\u00e1ria) no est\u00edmulo \u00e0 Cultura da Seguran\u00e7a do Paciente\u201d. A afirma\u00e7\u00e3o \u00e9\u00a0da fundadora e diretora de Novos Neg\u00f3cios do Instituto Brasileiro de Seguran\u00e7a do Paciente (IBSP), Karina Pires, e tem base nos dados disponibilizados pela Anvisa no Relat\u00f3rio\u00a0da Avalia\u00e7\u00e3o Nacional das Pr\u00e1ticas de Seguran\u00e7a do Paciente: Hospitais com Unidade de Terapia Intensiva (UTI) &#8211; 2024, datado de 07 de abril de 2025.<\/p>\n<p style=\"font-weight: 400;\">A enfermeira Karina Pires, que \u00e9\u00a0p\u00f3s-graduada em Terapia Intensiva,\u00a0esteve na Capital Jo\u00e3o Pessoa acompanhada do\u00a0fundador e diretor executivo do IBSP, o m\u00e9dico infectologista Jos\u00e9 RC Branco Filho, e da consultora do IBSP na regi\u00e3o Nordeste, Rafaella Anic\u00e9sio, que acompanha o trabalho do instituto junto \u00e0 Para\u00edba. O motivo da visita foi a participa\u00e7\u00e3o na Oficina \u201cSeguran\u00e7a do Paciente: Gest\u00e3o que transforma a Rede de Aten\u00e7\u00e3o \u00e0 Sa\u00fade\u201d, promovida pela Secretaria de Estado da Sa\u00fade (SES\/PB) em conjunto com a Ag\u00eancia Estadual de Vigil\u00e2ncia Sanit\u00e1ria (Agevisa\/PB).<\/p>\n<p style=\"font-weight: 400;\">Em entrevistas e palestras, Karina Pires apresentou a busca empreendida pela SES\/PB, em conjunto com a Agevisa\/PB, por estrat\u00e9gias e a\u00e7\u00f5es previstas para garantir uma assist\u00eancia segura nos servi\u00e7os de sa\u00fade. Jos\u00e9 Branco, por sua vez, comentou que a Para\u00edba tomou iniciativas muito importantes que mostram preocupa\u00e7\u00e3o com a seguran\u00e7a do paciente em todos os n\u00edveis. Ele tamb\u00e9m percebeu que os investimentos em sa\u00fade na Para\u00edba t\u00eam sido muito crescentes, tanto em n\u00edvel estadual quanto municipal.<\/p>\n<p style=\"font-weight: 400;\">A consultora Rafaella Anic\u00e9sio tamb\u00e9m destacou a for\u00e7a e o destaque da Para\u00edba entre os melhores Estados do Brasil na divulga\u00e7\u00e3o da cultura da seguran\u00e7a do paciente. \u201cEstamos aqui h\u00e1 cinco meses fazendo o movimento IBSP\/Nordeste, e iniciamos pela Para\u00edba pelo compromisso do Estado em fortalecer as pr\u00e1ticas de seguran\u00e7a do paciente\u201d, ressaltou. Rafaella acrescentou que, em conjunto com o IBSP, a Para\u00edba est\u00e1 sendo transformada num grande movimento onde as pessoas podem entender a import\u00e2ncia da constru\u00e7\u00e3o de N\u00facleos de Seguran\u00e7a do Paciente como instrumentos voltados para uma gest\u00e3o de qualidade e seguran\u00e7a na assist\u00eancia \u00e0 sa\u00fade das pessoas.<\/p>\n<p>TOP 3 \u2013\u00a0Segundo o diretor-geral da Agevisa\/PB, Geraldo Moreira de Menezes, a presen\u00e7a da Para\u00edba, juntamente com o Distrito Federal e com o Estado do Piau\u00ed, entre os tr\u00eas Estados da Federa\u00e7\u00e3o com 100% de conformidade na ades\u00e3o, por Unidade da Federa\u00e7\u00e3o (UF), dos hospitais com UTI \u00e0 Avalia\u00e7\u00e3o Nacional das Pr\u00e1ticas de Seguran\u00e7a do Paciente em 2024\u00a0resulta do comprometimento da administra\u00e7\u00e3o estadual e da exig\u00eancia pessoal dos agentes que integram a estrutura de sa\u00fade do Estado no sentido de disseminar a cultura da seguran\u00e7a do paciente nos servi\u00e7os de assist\u00eancia \u00e0 sa\u00fade, p\u00fablicos e privados, em todo o territ\u00f3rio paraibano.<\/p>\n<p>Na Agevisa\/PB, por exemplo, as a\u00e7\u00f5es voltadas para a seguran\u00e7a do paciente s\u00e3o muito intensas e incluem, al\u00e9m das atividades regulat\u00f3rias e de fiscaliza\u00e7\u00e3o sanit\u00e1ria, a promo\u00e7\u00e3o de treinamentos, capacita\u00e7\u00f5es e outros eventos afins que envolvem diretamente os gestores e os profissionais que atuam nos servi\u00e7os de sa\u00fade.<\/p>\n<p style=\"font-weight: 400;\">Conforme Geraldo Moreira, todos os objetivos, metas e indicadores estabelecidos no Plano Integrado de Seguran\u00e7a do Paciente 2021-2025 consistem em serem priorizados pelo N\u00facleo de Seguran\u00e7a do Paciente da Vigil\u00e2ncia Sanit\u00e1ria (NSP-Visa) e pela gest\u00e3o da Ag\u00eancia, cujo comprometimento e envolvimento as condi\u00e7\u00f5es permitem a promo\u00e7\u00e3o das capacita\u00e7\u00f5es e treinamentos, e tamb\u00e9m para o est\u00edmulo aos dirigentes e servidores (colaboradores) dos servi\u00e7os de sa\u00fade em atividade na Para\u00edba no sentido da ado\u00e7\u00e3o e fortalecimento da cultura de seguran\u00e7a do paciente.<\/p>\n<p style=\"font-weight: 400;\"><strong>Est\u00edmulo importante \u2013<\/strong>\u00a0Para o diretor-geral da Agevisa, os dados apresentados no relat\u00f3rio da Anvisa s\u00e3o muito animadores e estimulantes no sentido da intensifica\u00e7\u00e3o de um trabalho desenvolvido pelo Governo do Estado, com a efic\u00e1cia da atua\u00e7\u00e3o da Agevisa e do N\u00facleo de Seguran\u00e7a do Paciente da Vigil\u00e2ncia Sanit\u00e1ria (NSP-Visa), que vem repetidamente apresentando bons resultados, e que atrai a aten\u00e7\u00e3o e a parceria de um n\u00famero cada vez maior de servi\u00e7os de sa\u00fade.<\/p>\n<p style=\"font-weight: 400;\">A diretora-t\u00e9cnica de Sa\u00fade e coordenadora do N\u00facleo Estadual de Seguran\u00e7a do Paciente da Agevisa\/PB, enfermeira Polianna Estrela, tamb\u00e9m ressaltou o esfor\u00e7o do Governo estadual para garantir uma assist\u00eancia eficiente e segura nos servi\u00e7os de sa\u00fade do Estado. Ela citou a Oficina \u201cSeguran\u00e7a do Paciente: Gest\u00e3o que transforma a Rede de Aten\u00e7\u00e3o \u00e0 Sa\u00fade\u201d, promovida SES\/PB, em conjunto com a Agevisa\/PB e em parceria com o IBSP, como uma iniciativa importante, dentre tantas outras realizadas na Para\u00edba, para todos os esfor\u00e7os em promover a seguran\u00e7a em os n\u00edveis da Aten\u00e7\u00e3o.<\/p>\n<p style=\"font-weight: 400;\">\u201cFoi um momento de intera\u00e7\u00e3o e comunica\u00e7\u00e3o eficaz para que os diferentes n\u00edveis de aten\u00e7\u00e3o reflitam sobre a import\u00e2ncia de uma atua\u00e7\u00e3o conjunta que promova a Seguran\u00e7a do Paciente de maneira integral e sustent\u00e1vel, garantindo que o cuidado prestado seja consistente e seguro\u201d, diz.<\/p>\n","protected":false},"excerpt":{"rendered":"<p>\u201cA Para\u00edba figura entre os tr\u00eas Estados da Federa\u00e7\u00e3o com melhor desempenho (na \u00e1rea da Vigil\u00e2ncia Sanit\u00e1ria) no est\u00edmulo \u00e0 Cultura da Seguran\u00e7a do Paciente\u201d. A afirma\u00e7\u00e3o \u00e9\u00a0da fundadora e diretora de Novos Neg\u00f3cios do Instituto Brasileiro de Seguran\u00e7a do Paciente (IBSP), Karina Pires, e tem base nos dados disponibilizados pela Anvisa no Relat\u00f3rio\u00a0da Avalia\u00e7\u00e3o &hellip;<\/p>\n","protected":false},"author":1,"featured_media":134242,"comment_status":"open","ping_status":"open","sticky":false,"template":"","format":"standard","meta":{"footnotes":""},"categories":[3],"tags":[],"class_list":["post-135473","post","type-post","status-publish","format-standard","has-post-thumbnail","hentry","category-nordeste"],"_links":{"self":[{"href":"https:\/\/iparaiba.com.br\/index.php\/wp-json\/wp\/v2\/posts\/135473","targetHints":{"allow":["GET"]}}],"collection":[{"href":"https:\/\/iparaiba.com.br\/index.php\/wp-json\/wp\/v2\/posts"}],"about":[{"href":"https:\/\/iparaiba.com.br\/index.php\/wp-json\/wp\/v2\/types\/post"}],"author":[{"embeddable":true,"href":"https:\/\/iparaiba.com.br\/index.php\/wp-json\/wp\/v2\/users\/1"}],"replies":[{"embeddable":true,"href":"https:\/\/iparaiba.com.br\/index.php\/wp-json\/wp\/v2\/comments?post=135473"}],"version-history":[{"count":0,"href":"https:\/\/iparaiba.com.br\/index.php\/wp-json\/wp\/v2\/posts\/135473\/revisions"}],"wp:featuredmedia":[{"embeddable":true,"href":"https:\/\/iparaiba.com.br\/index.php\/wp-json\/wp\/v2\/media\/134242"}],"wp:attachment":[{"href":"https:\/\/iparaiba.com.br\/index.php\/wp-json\/wp\/v2\/media?parent=135473"}],"wp:term":[{"taxonomy":"category","embeddable":true,"href":"https:\/\/iparaiba.com.br\/index.php\/wp-json\/wp\/v2\/categories?post=135473"},{"taxonomy":"post_tag","embeddable":true,"href":"https:\/\/iparaiba.com.br\/index.php\/wp-json\/wp\/v2\/tags?post=135473"}],"curies":[{"name":"wp","href":"https:\/\/api.w.org\/{rel}","templated":true}]}}