{"id":135472,"date":"2025-07-23T17:27:40","date_gmt":"2025-07-23T20:27:40","guid":{"rendered":"https:\/\/onordeste.com.br\/?p=135421"},"modified":"2025-07-23T17:27:40","modified_gmt":"2025-07-23T20:27:40","slug":"camara-promove-passeio-ciclistico-em-comemoracao-aos-440-anos-de-joao-pessoa","status":"publish","type":"post","link":"https:\/\/iparaiba.com.br\/index.php\/2025\/07\/23\/camara-promove-passeio-ciclistico-em-comemoracao-aos-440-anos-de-joao-pessoa\/","title":{"rendered":"C\u00e2mara promove passeio cicl\u00edstico em comemora\u00e7\u00e3o aos 440 anos de Jo\u00e3o Pessoa"},"content":{"rendered":"<div>A C\u00e2mara Municipal de Jo\u00e3o Pessoa (CMJP) vai promover, no pr\u00f3ximo dia 5 de agosto, a segunda edi\u00e7\u00e3o do Passeio Cicl\u00edstico pelo Centro Hist\u00f3rico, em comemora\u00e7\u00e3o aos 440 anos da cidade. O evento refor\u00e7a as a\u00e7\u00f5es do programa \u2018Viva o Centro\u2019, que re\u00fane medidas e projetos para revigorar a \u00e1rea central da cidade, em uma iniciativa da Casa Napole\u00e3o Laureano, do Governo da Para\u00edba e da Prefeitura Municipal de Jo\u00e3o Pessoa (PMJP), em parceria com diversas entidades.<\/div>\n<div><\/div>\n<div>Este ano, o passeio contar\u00e1 com uma atra\u00e7\u00e3o musical. Em cima de um trio el\u00e9trico, o cantor pessoense Yuri Carvalho vai puxar e incentivar os ciclistas, por todo o percurso, com muita m\u00fasica e anima\u00e7\u00e3o. Ao final do passeio, os pedalistas ser\u00e3o recepcionados no Largo da Igreja S\u00e3o Francisco, onde o show do cantor continua. No mesmo local, haver\u00e1 um painel no qual os participantes poder\u00e3o deixar recados para a cidade aniversariante.<\/div>\n<div><\/div>\n<div>O presidente da C\u00e2mara, Dinho Dowsley (PSD), enfatizou que o evento \u00e9 uma a\u00e7\u00e3o importante, que visa n\u00e3o apenas estimular o esporte, mas, fazer um apelo pela preserva\u00e7\u00e3o da cidade e do Centro Hist\u00f3rico. \u201cEste Passeio Cicl\u00edstico se reveste de especial import\u00e2ncia, porque a C\u00e2mara de Jo\u00e3o Pessoa chama o povo da capital para discutir o necess\u00e1rio alavancamento do nosso Centro Hist\u00f3rico. Estamos nesta luta h\u00e1 v\u00e1rios anos. Mobilizamos Governo, Prefeitura, popula\u00e7\u00e3o e empres\u00e1rios. O que vemos, hoje, \u00e9 que esse trabalho tem dado frutos, com maior valoriza\u00e7\u00e3o do bairro. Para isso, tamb\u00e9m demos o exemplo, construindo uma nova sede nas Trincheiras, estimulando os outros poderes a fazer o mesmo. Propomos e conseguimos incentivos fiscais. \u00c9 a prova de que se todos derem as m\u00e3os, em poucos anos, teremos uma realidade totalmente diferente, com ganhos para a cidade\u201d, disse.<\/div>\n<div><\/div>\n<div><b>Roteiro<\/b><\/div>\n<div>Confira o roteiro completo da segunda edi\u00e7\u00e3o do Passeio Cicl\u00edstico: sa\u00edda da Catedral Bas\u00edlica Nossa Senhora das Neves (no Marco Zero da Cidade), seguindo pela Rua General Os\u00f3rio, Pra\u00e7a Ven\u00e2ncio Neiva, Pra\u00e7a Jo\u00e3o Pessoa, Rua das Trincheiras, Rua Jo\u00e3o Machado, Rua Maximiano Figueiredo, Pra\u00e7a Caldas Brand\u00e3o, Rua Barreto Sobrinho, Avenida Bandeirantes, Avenida Gouveia N\u00f3brega, Rua Elp\u00eddio Alves da Cruz, Rua Henrique Siqueira, Rua C\u00e2ndido Pessoa, Rua Maciel Pinheiro, Avenida Sanhau\u00e1, Rua General Lima, Rua Bar\u00e3o do Triunfo, Pra\u00e7a Pedro Am\u00e9rico, Rua Guedes Pereira, Rua Diodo Velho, Parque Solon de Lucena, Rua Elizeu C\u00e9zar, Rua Bar\u00e3o do Abia\u00ed, Rua Visconde de Pelotas e chegada no largo da Igreja S\u00e3o Francisco.<\/div>\n<div><\/div>\n<div>O evento acontecer\u00e1 com o apoio da Prefeitura Municipal de Jo\u00e3o Pessoa (PMJP), Superintend\u00eancia Executiva de Mobilidade Urbana (Semob-JP), Servi\u00e7o de Atendimento M\u00f3vel de Urg\u00eancia (Samu), Guarda Civil Metropolitana, Companhia de \u00c1gua e Esgoto da Para\u00edba (Cagepa) e Centro Cultural S\u00e3o Francisco; e dos patroc\u00ednios da Funda\u00e7\u00e3o Cultural de Jo\u00e3o Pessoa (Funjope), T\u00falio Bicicleta, PBG\u00e1s, FeCom\u00e9rcioPB, Senac, Sesc, Sistema de Cr\u00e9dito Cooperativo (Sincredi), Sintur, Ilha Tech e C\u00e2mara de Dirigentes Lojistas de Jo\u00e3o Pessoa (CDL-JP).<\/div>\n<div><\/div>\n<div>CMJP<\/div>\n","protected":false},"excerpt":{"rendered":"<p>A C\u00e2mara Municipal de Jo\u00e3o Pessoa (CMJP) vai promover, no pr\u00f3ximo dia 5 de agosto, a segunda edi\u00e7\u00e3o do Passeio Cicl\u00edstico pelo Centro Hist\u00f3rico, em comemora\u00e7\u00e3o aos 440 anos da cidade. O evento refor\u00e7a as a\u00e7\u00f5es do programa \u2018Viva o Centro\u2019, que re\u00fane medidas e projetos para revigorar a \u00e1rea central da cidade, em uma &hellip;<\/p>\n","protected":false},"author":1,"featured_media":111526,"comment_status":"open","ping_status":"open","sticky":false,"template":"","format":"standard","meta":{"footnotes":""},"categories":[6],"tags":[],"class_list":["post-135472","post","type-post","status-publish","format-standard","has-post-thumbnail","hentry","category-destaques"],"_links":{"self":[{"href":"https:\/\/iparaiba.com.br\/index.php\/wp-json\/wp\/v2\/posts\/135472","targetHints":{"allow":["GET"]}}],"collection":[{"href":"https:\/\/iparaiba.com.br\/index.php\/wp-json\/wp\/v2\/posts"}],"about":[{"href":"https:\/\/iparaiba.com.br\/index.php\/wp-json\/wp\/v2\/types\/post"}],"author":[{"embeddable":true,"href":"https:\/\/iparaiba.com.br\/index.php\/wp-json\/wp\/v2\/users\/1"}],"replies":[{"embeddable":true,"href":"https:\/\/iparaiba.com.br\/index.php\/wp-json\/wp\/v2\/comments?post=135472"}],"version-history":[{"count":0,"href":"https:\/\/iparaiba.com.br\/index.php\/wp-json\/wp\/v2\/posts\/135472\/revisions"}],"wp:featuredmedia":[{"embeddable":true,"href":"https:\/\/iparaiba.com.br\/index.php\/wp-json\/wp\/v2\/media\/111526"}],"wp:attachment":[{"href":"https:\/\/iparaiba.com.br\/index.php\/wp-json\/wp\/v2\/media?parent=135472"}],"wp:term":[{"taxonomy":"category","embeddable":true,"href":"https:\/\/iparaiba.com.br\/index.php\/wp-json\/wp\/v2\/categories?post=135472"},{"taxonomy":"post_tag","embeddable":true,"href":"https:\/\/iparaiba.com.br\/index.php\/wp-json\/wp\/v2\/tags?post=135472"}],"curies":[{"name":"wp","href":"https:\/\/api.w.org\/{rel}","templated":true}]}}