{"id":135469,"date":"2025-07-26T16:06:59","date_gmt":"2025-07-26T19:06:59","guid":{"rendered":"https:\/\/onordeste.com.br\/?p=135469"},"modified":"2025-07-26T16:06:59","modified_gmt":"2025-07-26T19:06:59","slug":"governo-federal-institui-politica-nacional-de-enfrentamento-da-infeccao-por-hpv","status":"publish","type":"post","link":"https:\/\/iparaiba.com.br\/index.php\/2025\/07\/26\/governo-federal-institui-politica-nacional-de-enfrentamento-da-infeccao-por-hpv\/","title":{"rendered":"Governo Federal institui Pol\u00edtica Nacional de Enfrentamento da Infec\u00e7\u00e3o por HPV"},"content":{"rendered":"<p dir=\"ltr\">O Brasil conta a partir desta quarta-feira (23\/7), com uma Pol\u00edtica Nacional de Enfrentamento da Infec\u00e7\u00e3o por Papilomav\u00edrus Humano. O v\u00edrus \u00e9 mais conhecido como HPV, afeta a pele e as mucosas e \u00e9 considerada a infec\u00e7\u00e3o sexualmente transmiss\u00edvel mais comum no mundo.\u00a0<strong><a class=\"external-link\" title=\"\" href=\"https:\/\/www.in.gov.br\/web\/dou\/-\/lei-n-15.174-de-22-de-julho-de-2025-643582643\" target=\"_blank\" rel=\"noopener\" data-tippreview-enabled=\"false\" data-tippreview-image=\"\" data-tippreview-title=\"\">A Lei n\u00ba 15.174, assinada pelo presidente Luiz In\u00e1cio Lula da Silva<\/a><\/strong>, pelo ministro Alexandre Padilha (Sa\u00fade) e pelas ministras Maca\u00e9 Evaristo (Direitos Humanos e Cidadania), M\u00e1rcia Lopes (Mulheres) e Simone Tebet (Planejamento e Or\u00e7amento), foi publicada no Di\u00e1rio Oficial da Uni\u00e3o.<\/p>\n<p dir=\"ltr\">Existem mais de 200 tipos de HPV, alguns dos quais podem causar verrugas genitais, enquanto outros est\u00e3o associados a tumores malignos, como o c\u00e2ncer do colo do \u00fatero, \u00e2nus, p\u00eanis, boca e garganta. A vacina\u00e7\u00e3o contra o HPV, oferecida gratuitamente pelo Sistema \u00danico de Sa\u00fade (SUS), \u00e9 a forma mais eficaz de preven\u00e7\u00e3o, aliada ao uso de preservativos, que ajudam a reduzir o risco de cont\u00e1gio.<\/p>\n<p dir=\"ltr\">A Pol\u00edtica Nacional de Enfrentamento lista, al\u00e9m das a\u00e7\u00f5es preventivas e da vacina\u00e7\u00e3o, iniciativas de natureza diagn\u00f3stica, como exame f\u00edsico, testes locais, colposcopia (exame ginecol\u00f3gico), citologia, bi\u00f3psia e testes moleculares. As a\u00e7\u00f5es tamb\u00e9m incluem as de natureza curativa, com tratamento local domiciliar e tratamento ambulatorial. A pol\u00edtica determina que ser\u00e1 ofertado acompanhamento cl\u00ednico aos parceiros de pessoas com infec\u00e7\u00e3o por HPV.<\/p>\n<p dir=\"ltr\">Portal Brasil<\/p>\n","protected":false},"excerpt":{"rendered":"<p>O Brasil conta a partir desta quarta-feira (23\/7), com uma Pol\u00edtica Nacional de Enfrentamento da Infec\u00e7\u00e3o por Papilomav\u00edrus Humano. O v\u00edrus \u00e9 mais conhecido como HPV, afeta a pele e as mucosas e \u00e9 considerada a infec\u00e7\u00e3o sexualmente transmiss\u00edvel mais comum no mundo.\u00a0A Lei n\u00ba 15.174, assinada pelo presidente Luiz In\u00e1cio Lula da Silva, pelo &hellip;<\/p>\n","protected":false},"author":1,"featured_media":106247,"comment_status":"open","ping_status":"open","sticky":false,"template":"","format":"standard","meta":{"footnotes":""},"categories":[2],"tags":[],"class_list":["post-135469","post","type-post","status-publish","format-standard","has-post-thumbnail","hentry","category-saude"],"_links":{"self":[{"href":"https:\/\/iparaiba.com.br\/index.php\/wp-json\/wp\/v2\/posts\/135469","targetHints":{"allow":["GET"]}}],"collection":[{"href":"https:\/\/iparaiba.com.br\/index.php\/wp-json\/wp\/v2\/posts"}],"about":[{"href":"https:\/\/iparaiba.com.br\/index.php\/wp-json\/wp\/v2\/types\/post"}],"author":[{"embeddable":true,"href":"https:\/\/iparaiba.com.br\/index.php\/wp-json\/wp\/v2\/users\/1"}],"replies":[{"embeddable":true,"href":"https:\/\/iparaiba.com.br\/index.php\/wp-json\/wp\/v2\/comments?post=135469"}],"version-history":[{"count":1,"href":"https:\/\/iparaiba.com.br\/index.php\/wp-json\/wp\/v2\/posts\/135469\/revisions"}],"predecessor-version":[{"id":135495,"href":"https:\/\/iparaiba.com.br\/index.php\/wp-json\/wp\/v2\/posts\/135469\/revisions\/135495"}],"wp:featuredmedia":[{"embeddable":true,"href":"https:\/\/iparaiba.com.br\/index.php\/wp-json\/wp\/v2\/media\/106247"}],"wp:attachment":[{"href":"https:\/\/iparaiba.com.br\/index.php\/wp-json\/wp\/v2\/media?parent=135469"}],"wp:term":[{"taxonomy":"category","embeddable":true,"href":"https:\/\/iparaiba.com.br\/index.php\/wp-json\/wp\/v2\/categories?post=135469"},{"taxonomy":"post_tag","embeddable":true,"href":"https:\/\/iparaiba.com.br\/index.php\/wp-json\/wp\/v2\/tags?post=135469"}],"curies":[{"name":"wp","href":"https:\/\/api.w.org\/{rel}","templated":true}]}}