{"id":135467,"date":"2025-07-26T14:05:33","date_gmt":"2025-07-26T17:05:33","guid":{"rendered":"https:\/\/onordeste.com.br\/?p=135467"},"modified":"2025-07-26T14:05:33","modified_gmt":"2025-07-26T17:05:33","slug":"mais-de-48-milhoes-de-estudantes-confirmaram-suas-inscricoes-para-o-enem","status":"publish","type":"post","link":"https:\/\/iparaiba.com.br\/index.php\/2025\/07\/26\/mais-de-48-milhoes-de-estudantes-confirmaram-suas-inscricoes-para-o-enem\/","title":{"rendered":"Mais de 4,8 milh\u00f5es de estudantes confirmaram suas inscri\u00e7\u00f5es para o Enem"},"content":{"rendered":"<p>Foram contabilizados 4.811.338 inscritos confirmados para o\u00a0<a href=\"https:\/\/www.gov.br\/inep\/pt-br\/areas-de-atuacao\/avaliacao-e-exames-educacionais\/enem\" target=\"_blank\" rel=\"noopener\">Exame Nacional do Ensino M\u00e9dio (Enem)\u00a0<\/a>2025 em todo o Brasil. Os n\u00fameros sobre o exame foram divulgados nesta quarta-feira, 23 de julho. \u201cO balan\u00e7o consolidado de inscri\u00e7\u00f5es do Enem confirma um aumento de 38% em rela\u00e7\u00e3o a 2022\u201d, afirma o ministro da Educa\u00e7\u00e3o, Camilo Santana. Em compara\u00e7\u00e3o com 2024, o aumento no n\u00famero das inscri\u00e7\u00f5es foi de 11,22%.<\/p>\n<p>Uma novidade desta edi\u00e7\u00e3o foi a inscri\u00e7\u00e3o pr\u00e9-preenchida de 1.915.634 estudantes concluintes do ensino m\u00e9dio da rede p\u00fablica. Desse total, 1.390.815 confirmaram a inscri\u00e7\u00e3o no exame (72,6%). Os dados correspondem ao balan\u00e7o realizado pelo Minist\u00e9rio da Educa\u00e7\u00e3o (MEC) e pelo Instituto Nacional de Estudos e Pesquisas Educacionais An\u00edsio Teixeira (Inep).<\/p>\n<p>Do total de inscritos, 3.049.710 s\u00e3o isentos e 1.761.628, pagantes. Al\u00e9m disso, 98.558 participantes utilizar\u00e3o o exame para a certifica\u00e7\u00e3o de conclus\u00e3o do ensino m\u00e9dio e a declara\u00e7\u00e3o parcial de profici\u00eancia na etapa de ensino, iniciativa retomada nesta edi\u00e7\u00e3o.<\/p>\n<p>O balan\u00e7o tamb\u00e9m mostra que o estado de S\u00e3o Paulo (751.648) foi o que registrou o maior n\u00famero de inscritos no Enem 2025. Em seguida, est\u00e3o Minas Gerais (464.994) e Bahia (428.019).<\/p>\n<p>Portal Brasil<\/p>\n","protected":false},"excerpt":{"rendered":"<p>Foram contabilizados 4.811.338 inscritos confirmados para o\u00a0Exame Nacional do Ensino M\u00e9dio (Enem)\u00a02025 em todo o Brasil. Os n\u00fameros sobre o exame foram divulgados nesta quarta-feira, 23 de julho. \u201cO balan\u00e7o consolidado de inscri\u00e7\u00f5es do Enem confirma um aumento de 38% em rela\u00e7\u00e3o a 2022\u201d, afirma o ministro da Educa\u00e7\u00e3o, Camilo Santana. Em compara\u00e7\u00e3o com 2024, &hellip;<\/p>\n","protected":false},"author":1,"featured_media":102596,"comment_status":"open","ping_status":"open","sticky":false,"template":"","format":"standard","meta":{"footnotes":""},"categories":[11],"tags":[],"class_list":["post-135467","post","type-post","status-publish","format-standard","has-post-thumbnail","hentry","category-educacao"],"_links":{"self":[{"href":"https:\/\/iparaiba.com.br\/index.php\/wp-json\/wp\/v2\/posts\/135467","targetHints":{"allow":["GET"]}}],"collection":[{"href":"https:\/\/iparaiba.com.br\/index.php\/wp-json\/wp\/v2\/posts"}],"about":[{"href":"https:\/\/iparaiba.com.br\/index.php\/wp-json\/wp\/v2\/types\/post"}],"author":[{"embeddable":true,"href":"https:\/\/iparaiba.com.br\/index.php\/wp-json\/wp\/v2\/users\/1"}],"replies":[{"embeddable":true,"href":"https:\/\/iparaiba.com.br\/index.php\/wp-json\/wp\/v2\/comments?post=135467"}],"version-history":[{"count":1,"href":"https:\/\/iparaiba.com.br\/index.php\/wp-json\/wp\/v2\/posts\/135467\/revisions"}],"predecessor-version":[{"id":135494,"href":"https:\/\/iparaiba.com.br\/index.php\/wp-json\/wp\/v2\/posts\/135467\/revisions\/135494"}],"wp:featuredmedia":[{"embeddable":true,"href":"https:\/\/iparaiba.com.br\/index.php\/wp-json\/wp\/v2\/media\/102596"}],"wp:attachment":[{"href":"https:\/\/iparaiba.com.br\/index.php\/wp-json\/wp\/v2\/media?parent=135467"}],"wp:term":[{"taxonomy":"category","embeddable":true,"href":"https:\/\/iparaiba.com.br\/index.php\/wp-json\/wp\/v2\/categories?post=135467"},{"taxonomy":"post_tag","embeddable":true,"href":"https:\/\/iparaiba.com.br\/index.php\/wp-json\/wp\/v2\/tags?post=135467"}],"curies":[{"name":"wp","href":"https:\/\/api.w.org\/{rel}","templated":true}]}}