{"id":135465,"date":"2025-07-26T12:02:25","date_gmt":"2025-07-26T15:02:25","guid":{"rendered":"https:\/\/onordeste.com.br\/?p=135465"},"modified":"2025-07-26T12:02:25","modified_gmt":"2025-07-26T15:02:25","slug":"governo-institui-integracao-de-dados-do-sus-e-da-origem-ao-prontuario-digital","status":"publish","type":"post","link":"https:\/\/iparaiba.com.br\/index.php\/2025\/07\/26\/governo-institui-integracao-de-dados-do-sus-e-da-origem-ao-prontuario-digital\/","title":{"rendered":"Governo institui integra\u00e7\u00e3o de dados do SUS e d\u00e1 origem ao prontu\u00e1rio digital"},"content":{"rendered":"<p>O presidente da Rep\u00fablica, Luiz In\u00e1cio Lula da Silva, o ministro da Sa\u00fade, Alexandre Padilha, e a ministra da Gest\u00e3o e da Inova\u00e7\u00e3o (MGI), Esther Dweck, assinaram, nesta quarta-feira (23\/7), o decreto que oficializa a Rede Nacional de Dados em Sa\u00fade (RNDS) como plataforma oficial de interoperabilidade do SUS. Mais de 80% dos estados e 68% dos munic\u00edpios brasileiros j\u00e1 est\u00e3o integrados \u00e0 rede.<\/p>\n<p>Durante cerim\u00f4nia no Pal\u00e1cio do Planalto, em Bras\u00edlia, o ministro Padilha anunciou tamb\u00e9m que, em breve, o n\u00famero do CPF ser\u00e1 utilizado como base do sistema de registros do SUS no pa\u00eds.<\/p>\n<p>De acordo com Padilha, nos pr\u00f3ximos dias, o Minist\u00e9rio da Sa\u00fade, em parceria com o Minist\u00e9rio da Gest\u00e3o e da Inova\u00e7\u00e3o, vai apresentar um plano detalhado para a utiliza\u00e7\u00e3o do CPF como base dos registros em sa\u00fade.<\/p>\n","protected":false},"excerpt":{"rendered":"<p>O presidente da Rep\u00fablica, Luiz In\u00e1cio Lula da Silva, o ministro da Sa\u00fade, Alexandre Padilha, e a ministra da Gest\u00e3o e da Inova\u00e7\u00e3o (MGI), Esther Dweck, assinaram, nesta quarta-feira (23\/7), o decreto que oficializa a Rede Nacional de Dados em Sa\u00fade (RNDS) como plataforma oficial de interoperabilidade do SUS. Mais de 80% dos estados e &hellip;<\/p>\n","protected":false},"author":1,"featured_media":97885,"comment_status":"open","ping_status":"open","sticky":false,"template":"","format":"standard","meta":{"footnotes":""},"categories":[2],"tags":[],"class_list":["post-135465","post","type-post","status-publish","format-standard","has-post-thumbnail","hentry","category-saude"],"_links":{"self":[{"href":"https:\/\/iparaiba.com.br\/index.php\/wp-json\/wp\/v2\/posts\/135465","targetHints":{"allow":["GET"]}}],"collection":[{"href":"https:\/\/iparaiba.com.br\/index.php\/wp-json\/wp\/v2\/posts"}],"about":[{"href":"https:\/\/iparaiba.com.br\/index.php\/wp-json\/wp\/v2\/types\/post"}],"author":[{"embeddable":true,"href":"https:\/\/iparaiba.com.br\/index.php\/wp-json\/wp\/v2\/users\/1"}],"replies":[{"embeddable":true,"href":"https:\/\/iparaiba.com.br\/index.php\/wp-json\/wp\/v2\/comments?post=135465"}],"version-history":[{"count":1,"href":"https:\/\/iparaiba.com.br\/index.php\/wp-json\/wp\/v2\/posts\/135465\/revisions"}],"predecessor-version":[{"id":135493,"href":"https:\/\/iparaiba.com.br\/index.php\/wp-json\/wp\/v2\/posts\/135465\/revisions\/135493"}],"wp:featuredmedia":[{"embeddable":true,"href":"https:\/\/iparaiba.com.br\/index.php\/wp-json\/wp\/v2\/media\/97885"}],"wp:attachment":[{"href":"https:\/\/iparaiba.com.br\/index.php\/wp-json\/wp\/v2\/media?parent=135465"}],"wp:term":[{"taxonomy":"category","embeddable":true,"href":"https:\/\/iparaiba.com.br\/index.php\/wp-json\/wp\/v2\/categories?post=135465"},{"taxonomy":"post_tag","embeddable":true,"href":"https:\/\/iparaiba.com.br\/index.php\/wp-json\/wp\/v2\/tags?post=135465"}],"curies":[{"name":"wp","href":"https:\/\/api.w.org\/{rel}","templated":true}]}}