{"id":135461,"date":"2025-07-26T08:00:29","date_gmt":"2025-07-26T11:00:29","guid":{"rendered":"https:\/\/onordeste.com.br\/?p=135461"},"modified":"2025-07-26T08:00:29","modified_gmt":"2025-07-26T11:00:29","slug":"operacao-integrada-contra-faccoes","status":"publish","type":"post","link":"https:\/\/iparaiba.com.br\/index.php\/2025\/07\/26\/operacao-integrada-contra-faccoes\/","title":{"rendered":"Opera\u00e7\u00e3o integrada contra fac\u00e7\u00f5es"},"content":{"rendered":"<p><b>Porto Seguro\/BA.<\/b> Equipes da Pol\u00edcia Federal, da Secretaria da Seguran\u00e7a P\u00fablica e das Pol\u00edcias Militar e Civil, al\u00e9m da For\u00e7a Nacional, deflagraram a Opera\u00e7\u00e3o V\u00e9rtice Zero contra fac\u00e7\u00f5es com atua\u00e7\u00e3o na Bahia.<\/p>\n<p>Mandados de pris\u00e3o, busca e apreens\u00e3o s\u00e3o cumpridos em diferentes bairros e distritos do munic\u00edpio de Porto Seguro contra criminosos envolvidos com homic\u00eddios, tr\u00e1fico de drogas, dom\u00ednio e ocupa\u00e7\u00e3o de terras ind\u00edgenas.<\/p>\n<p>Cinco fuzis, um rifle calibre 22, armamentos, muni\u00e7\u00f5es diversas, drogas e material utilizado na venda dos entorpecentes foram apreendidos durante o cumprimento de oito mandados de busca e apreens\u00e3o em resid\u00eancias de criminosos envolvidos com homic\u00eddios, tr\u00e1fico de drogas, dom\u00ednio e ocupa\u00e7\u00e3o de terras ind\u00edgenas.<\/p>\n<p>A a\u00e7\u00e3o conta com a participa\u00e7\u00e3o de equipes da Delegacia da Pol\u00edcia Federal de Porto Seguro, For\u00e7a Nacional, da Superintend\u00eancia de Intelig\u00eancia (SI) da SSP, dos Comandos de Policiamento Regi\u00e3o (CPR) Extremo Sul, em Miss\u00f5es Especiais (CPME) e Especializado (CPE), e da 23\u00aa Coordenadoria Regional de Pol\u00edcia do Interior (Coorpin\/Eun\u00e1polis) e da CORE\/PC.<\/p>\n<p align=\"right\"><i>Comunica\u00e7\u00e3o Social da Pol\u00edcia Federal na Bahia<\/i><\/p>\n","protected":false},"excerpt":{"rendered":"<p>Porto Seguro\/BA. Equipes da Pol\u00edcia Federal, da Secretaria da Seguran\u00e7a P\u00fablica e das Pol\u00edcias Militar e Civil, al\u00e9m da For\u00e7a Nacional, deflagraram a Opera\u00e7\u00e3o V\u00e9rtice Zero contra fac\u00e7\u00f5es com atua\u00e7\u00e3o na Bahia. Mandados de pris\u00e3o, busca e apreens\u00e3o s\u00e3o cumpridos em diferentes bairros e distritos do munic\u00edpio de Porto Seguro contra criminosos envolvidos com homic\u00eddios, &hellip;<\/p>\n","protected":false},"author":1,"featured_media":123137,"comment_status":"open","ping_status":"open","sticky":false,"template":"","format":"standard","meta":{"footnotes":""},"categories":[13],"tags":[],"class_list":["post-135461","post","type-post","status-publish","format-standard","has-post-thumbnail","hentry","category-policial"],"_links":{"self":[{"href":"https:\/\/iparaiba.com.br\/index.php\/wp-json\/wp\/v2\/posts\/135461","targetHints":{"allow":["GET"]}}],"collection":[{"href":"https:\/\/iparaiba.com.br\/index.php\/wp-json\/wp\/v2\/posts"}],"about":[{"href":"https:\/\/iparaiba.com.br\/index.php\/wp-json\/wp\/v2\/types\/post"}],"author":[{"embeddable":true,"href":"https:\/\/iparaiba.com.br\/index.php\/wp-json\/wp\/v2\/users\/1"}],"replies":[{"embeddable":true,"href":"https:\/\/iparaiba.com.br\/index.php\/wp-json\/wp\/v2\/comments?post=135461"}],"version-history":[{"count":1,"href":"https:\/\/iparaiba.com.br\/index.php\/wp-json\/wp\/v2\/posts\/135461\/revisions"}],"predecessor-version":[{"id":135491,"href":"https:\/\/iparaiba.com.br\/index.php\/wp-json\/wp\/v2\/posts\/135461\/revisions\/135491"}],"wp:featuredmedia":[{"embeddable":true,"href":"https:\/\/iparaiba.com.br\/index.php\/wp-json\/wp\/v2\/media\/123137"}],"wp:attachment":[{"href":"https:\/\/iparaiba.com.br\/index.php\/wp-json\/wp\/v2\/media?parent=135461"}],"wp:term":[{"taxonomy":"category","embeddable":true,"href":"https:\/\/iparaiba.com.br\/index.php\/wp-json\/wp\/v2\/categories?post=135461"},{"taxonomy":"post_tag","embeddable":true,"href":"https:\/\/iparaiba.com.br\/index.php\/wp-json\/wp\/v2\/tags?post=135461"}],"curies":[{"name":"wp","href":"https:\/\/api.w.org\/{rel}","templated":true}]}}