{"id":135455,"date":"2025-07-25T16:00:26","date_gmt":"2025-07-25T19:00:26","guid":{"rendered":"https:\/\/onordeste.com.br\/?p=135455"},"modified":"2025-07-25T16:00:26","modified_gmt":"2025-07-25T19:00:26","slug":"joao-azevedo-sanciona-nova-lei-organica-da-policia","status":"publish","type":"post","link":"https:\/\/iparaiba.com.br\/index.php\/2025\/07\/25\/joao-azevedo-sanciona-nova-lei-organica-da-policia\/","title":{"rendered":"Jo\u00e3o Azev\u00eado sanciona nova Lei Org\u00e2nica da Pol\u00edcia"},"content":{"rendered":"<p>O governador Jo\u00e3o Azev\u00eado sancionou a nova Lei de Organiza\u00e7\u00e3o B\u00e1sica da Pol\u00edcia Militar da Para\u00edba (PMPB), durante solenidade ocorrida no Teatro Pedra do Reino, no Centro de Conven\u00e7\u00f5es de Jo\u00e3o Pessoa. Aprovada por unanimidade pela Assembleia Legislativa (ALPB) em junho deste ano, a nova Lei define os n\u00edveis de organiza\u00e7\u00e3o da Pol\u00edcia Militar, valorizando os homens e mulheres que integram a Corpora\u00e7\u00e3o e possibilitando o refor\u00e7o do policiamento em diversas \u00e1reas, com o consequente fortalecimento na seguran\u00e7a da popula\u00e7\u00e3o paraibana.<\/p>\n<p>A iniciativa \u2013 que atualiza a antiga lei de 1977 \u2013 est\u00e1 em sintonia com as diretrizes nacionais de seguran\u00e7a p\u00fablica, com os princ\u00edpios constitucionais e as necessidades da sociedade paraibana.\u00a0 Entre os benef\u00edcios trazidos pela nova Lei est\u00e1 a redu\u00e7\u00e3o no intervalo necess\u00e1rio para as promo\u00e7\u00f5es, antiga reivindica\u00e7\u00e3o dos profissionais que fazem a Pol\u00edcia Militar da Para\u00edba.<\/p>\n<p>Na ocasi\u00e3o, Jo\u00e3o Azev\u00eado ressaltou o car\u00e1ter hist\u00f3rico que tem a nova Lei Org\u00e2nica B\u00e1sica da PMPB. &#8220;O dia de hoje representa uma grande conquista para os homens e mulheres que fazem a Pol\u00edcia Militar da Para\u00edba, resultado de uma luta de muitos anos e da reestrutura\u00e7\u00e3o que o nosso Governo tem feito, desde 2019, em todo o sistema de Seguran\u00e7a P\u00fablica, com a implanta\u00e7\u00e3o do PCCR de algumas categorias, tamb\u00e9m j\u00e1 aprovada a Lei Org\u00e2nica dos Bombeiros Militares e a incorpora\u00e7\u00e3o da Bolsa Desempenho. E agora chegou a vez da Pol\u00edcia Militar, que viver\u00e1 a partir de agora um novo momento. \u00c9 fundamental que a gente tenha uma reestrutura\u00e7\u00e3o da Pol\u00edcia para que cada vez mais seja prestado um melhor servi\u00e7o \u00e0 popula\u00e7\u00e3o&#8221;, disse.<\/p>\n","protected":false},"excerpt":{"rendered":"<p>O governador Jo\u00e3o Azev\u00eado sancionou a nova Lei de Organiza\u00e7\u00e3o B\u00e1sica da Pol\u00edcia Militar da Para\u00edba (PMPB), durante solenidade ocorrida no Teatro Pedra do Reino, no Centro de Conven\u00e7\u00f5es de Jo\u00e3o Pessoa. Aprovada por unanimidade pela Assembleia Legislativa (ALPB) em junho deste ano, a nova Lei define os n\u00edveis de organiza\u00e7\u00e3o da Pol\u00edcia Militar, valorizando &hellip;<\/p>\n","protected":false},"author":1,"featured_media":100919,"comment_status":"open","ping_status":"open","sticky":false,"template":"","format":"standard","meta":{"footnotes":""},"categories":[13],"tags":[],"class_list":["post-135455","post","type-post","status-publish","format-standard","has-post-thumbnail","hentry","category-policial"],"_links":{"self":[{"href":"https:\/\/iparaiba.com.br\/index.php\/wp-json\/wp\/v2\/posts\/135455","targetHints":{"allow":["GET"]}}],"collection":[{"href":"https:\/\/iparaiba.com.br\/index.php\/wp-json\/wp\/v2\/posts"}],"about":[{"href":"https:\/\/iparaiba.com.br\/index.php\/wp-json\/wp\/v2\/types\/post"}],"author":[{"embeddable":true,"href":"https:\/\/iparaiba.com.br\/index.php\/wp-json\/wp\/v2\/users\/1"}],"replies":[{"embeddable":true,"href":"https:\/\/iparaiba.com.br\/index.php\/wp-json\/wp\/v2\/comments?post=135455"}],"version-history":[{"count":1,"href":"https:\/\/iparaiba.com.br\/index.php\/wp-json\/wp\/v2\/posts\/135455\/revisions"}],"predecessor-version":[{"id":135488,"href":"https:\/\/iparaiba.com.br\/index.php\/wp-json\/wp\/v2\/posts\/135455\/revisions\/135488"}],"wp:featuredmedia":[{"embeddable":true,"href":"https:\/\/iparaiba.com.br\/index.php\/wp-json\/wp\/v2\/media\/100919"}],"wp:attachment":[{"href":"https:\/\/iparaiba.com.br\/index.php\/wp-json\/wp\/v2\/media?parent=135455"}],"wp:term":[{"taxonomy":"category","embeddable":true,"href":"https:\/\/iparaiba.com.br\/index.php\/wp-json\/wp\/v2\/categories?post=135455"},{"taxonomy":"post_tag","embeddable":true,"href":"https:\/\/iparaiba.com.br\/index.php\/wp-json\/wp\/v2\/tags?post=135455"}],"curies":[{"name":"wp","href":"https:\/\/api.w.org\/{rel}","templated":true}]}}