{"id":135453,"date":"2025-07-25T14:00:43","date_gmt":"2025-07-25T17:00:43","guid":{"rendered":"https:\/\/onordeste.com.br\/?p=135453"},"modified":"2025-07-25T14:00:43","modified_gmt":"2025-07-25T17:00:43","slug":"procon-realiza-mutirao-de-renegociacao-de-dividas","status":"publish","type":"post","link":"https:\/\/iparaiba.com.br\/index.php\/2025\/07\/25\/procon-realiza-mutirao-de-renegociacao-de-dividas\/","title":{"rendered":"Procon realiza Mutir\u00e3o de Renegocia\u00e7\u00e3o de D\u00edvidas"},"content":{"rendered":"<p class=\"LO-normal\">O Procon-PB (Autarquia de Prote\u00e7\u00e3o e Defesa do Consumidor do Estado da Para\u00edba), juntamente com o Procon Municipal de Areia, realiza nos dias 30 e 31 de julho o 95\u00ba Mutir\u00e3o de Renegocia\u00e7\u00e3o de D\u00edvidas. A a\u00e7\u00e3o ocorre no hor\u00e1rio das 8h \u00e0s 15h, no Centro de Forma\u00e7\u00e3o Educacional, rua Aur\u00e9lio de Figueiredo, s\/n, bairro Jussara, no munic\u00edpio de Areia.<\/p>\n<p class=\"Textoprformatadouser\">O mutir\u00e3o \u00e9 uma parceria entre o Procon-PB, Procon Municipal de Areia e as empresas Cagepa, Energisa, Senac, Serasa, Tribunal de Justi\u00e7a do Estado da Para\u00edba, escolas particulares, empresas de telefonia (OI, TIM, Vivo, Claro), TVs por assinatura, bancos e demais institui\u00e7\u00f5es financeiras.<\/p>\n<p class=\"Textoprformatadouser\">A iniciativa visa promover a recupera\u00e7\u00e3o do poder de compra dos consumidores e fomentar a economia local, oferecendo alternativas reais de negocia\u00e7\u00e3o para quem enfrenta dificuldades financeiras. O Procon-PB orienta os interessados a comparecerem ao local com documentos pessoais (RG e CPF), comprovantes de resid\u00eancia, renda e quaisquer contratos ou boletos que estejam em aberto, para facilitar a negocia\u00e7\u00e3o.<\/p>\n","protected":false},"excerpt":{"rendered":"<p>O Procon-PB (Autarquia de Prote\u00e7\u00e3o e Defesa do Consumidor do Estado da Para\u00edba), juntamente com o Procon Municipal de Areia, realiza nos dias 30 e 31 de julho o 95\u00ba Mutir\u00e3o de Renegocia\u00e7\u00e3o de D\u00edvidas. A a\u00e7\u00e3o ocorre no hor\u00e1rio das 8h \u00e0s 15h, no Centro de Forma\u00e7\u00e3o Educacional, rua Aur\u00e9lio de Figueiredo, s\/n, bairro &hellip;<\/p>\n","protected":false},"author":1,"featured_media":108055,"comment_status":"open","ping_status":"open","sticky":false,"template":"","format":"standard","meta":{"footnotes":""},"categories":[6],"tags":[],"class_list":["post-135453","post","type-post","status-publish","format-standard","has-post-thumbnail","hentry","category-destaques"],"_links":{"self":[{"href":"https:\/\/iparaiba.com.br\/index.php\/wp-json\/wp\/v2\/posts\/135453","targetHints":{"allow":["GET"]}}],"collection":[{"href":"https:\/\/iparaiba.com.br\/index.php\/wp-json\/wp\/v2\/posts"}],"about":[{"href":"https:\/\/iparaiba.com.br\/index.php\/wp-json\/wp\/v2\/types\/post"}],"author":[{"embeddable":true,"href":"https:\/\/iparaiba.com.br\/index.php\/wp-json\/wp\/v2\/users\/1"}],"replies":[{"embeddable":true,"href":"https:\/\/iparaiba.com.br\/index.php\/wp-json\/wp\/v2\/comments?post=135453"}],"version-history":[{"count":1,"href":"https:\/\/iparaiba.com.br\/index.php\/wp-json\/wp\/v2\/posts\/135453\/revisions"}],"predecessor-version":[{"id":135487,"href":"https:\/\/iparaiba.com.br\/index.php\/wp-json\/wp\/v2\/posts\/135453\/revisions\/135487"}],"wp:featuredmedia":[{"embeddable":true,"href":"https:\/\/iparaiba.com.br\/index.php\/wp-json\/wp\/v2\/media\/108055"}],"wp:attachment":[{"href":"https:\/\/iparaiba.com.br\/index.php\/wp-json\/wp\/v2\/media?parent=135453"}],"wp:term":[{"taxonomy":"category","embeddable":true,"href":"https:\/\/iparaiba.com.br\/index.php\/wp-json\/wp\/v2\/categories?post=135453"},{"taxonomy":"post_tag","embeddable":true,"href":"https:\/\/iparaiba.com.br\/index.php\/wp-json\/wp\/v2\/tags?post=135453"}],"curies":[{"name":"wp","href":"https:\/\/api.w.org\/{rel}","templated":true}]}}