{"id":135452,"date":"2025-07-25T10:00:58","date_gmt":"2025-07-25T13:00:58","guid":{"rendered":"https:\/\/onordeste.com.br\/?p=135451"},"modified":"2025-07-25T10:00:58","modified_gmt":"2025-07-25T13:00:58","slug":"lucas-ribeiro-prestigia-3a-expo-sousa-e-destaca-fortalecimento-do-agronegocio","status":"publish","type":"post","link":"https:\/\/iparaiba.com.br\/index.php\/2025\/07\/25\/lucas-ribeiro-prestigia-3a-expo-sousa-e-destaca-fortalecimento-do-agronegocio\/","title":{"rendered":"Lucas Ribeiro prestigia 3\u00aa Expo Sousa e destaca fortalecimento do agroneg\u00f3cio"},"content":{"rendered":"<p>O vice-governador da Para\u00edba, Lucas Ribeiro, participou da 3\u00aa ExpoSousa, realizada no Haras Cartaxo, em Sousa. O evento, que conta com apoio do Governo da Para\u00edba, por meio da Secretaria de Estado do Desenvolvimento da Agropecu\u00e1ria e da Pesca (Sedap), \u00e9 considerado um dos mais relevantes do setor agropecu\u00e1rio no estado, reunindo produtores, institui\u00e7\u00f5es e o p\u00fablico em geral.<\/p>\n<p>Durante a visita, Lucas Ribeiro destacou o papel da feira no fortalecimento da economia regional. \u201c\u00c9 gratificante acompanhar um evento dessa magnitude. Nossa gest\u00e3o tem sido parceira desse setor estrat\u00e9gico, investindo em infraestrutura, assist\u00eancia t\u00e9cnica, pesquisa, cr\u00e9dito e apoio \u00e0 comercializa\u00e7\u00e3o. J\u00e1 realizamos 60 feiras por toda a Para\u00edba, alcan\u00e7ando mais de um milh\u00e3o de pessoas. Isso mostra a for\u00e7a da agropecu\u00e1ria, que gera emprego e promove desenvolvimento\u201d, afirmou.<\/p>\n<p>A programa\u00e7\u00e3o da Expo Sousa inclui exposi\u00e7\u00f5es de animais, torneio leiteiro, vaquejada, palestras t\u00e9cnicas e apresenta\u00e7\u00e3o de equipamentos e tecnologias voltadas ao campo. O secret\u00e1rio da Sedap-PB, Joaquim Hugo, tamb\u00e9m ressaltou o apoio do Estado. \u201cA Expo Sousa representa um marco na agropecu\u00e1ria paraibana. Aqui em Sousa, s\u00e3o R$ 400 mil aplicados para garantir estrutura, visibilidade e apoio t\u00e9cnico\u201d, destacou.<\/p>\n<p>Mais cedo, Lucas iniciou o dia em Patos, onde visitou a feira livre da cidade ao lado do prefeito Nabor Wanderley. Em seguida, esteve em Pombal, onde conheceu o trabalho do Centro de Educa\u00e7\u00e3o Integral Margarida Pereira da Silva (Cemar), que atende 250 crian\u00e7as e adolescentes. Ainda no Sert\u00e3o, o vice-governador tamb\u00e9m esteve em Joca Claudino, que celebrou 31 anos de emancipa\u00e7\u00e3o pol\u00edtica.<\/p>\n","protected":false},"excerpt":{"rendered":"<p>O vice-governador da Para\u00edba, Lucas Ribeiro, participou da 3\u00aa ExpoSousa, realizada no Haras Cartaxo, em Sousa. O evento, que conta com apoio do Governo da Para\u00edba, por meio da Secretaria de Estado do Desenvolvimento da Agropecu\u00e1ria e da Pesca (Sedap), \u00e9 considerado um dos mais relevantes do setor agropecu\u00e1rio no estado, reunindo produtores, institui\u00e7\u00f5es e &hellip;<\/p>\n","protected":false},"author":1,"featured_media":101259,"comment_status":"open","ping_status":"open","sticky":false,"template":"","format":"standard","meta":{"footnotes":""},"categories":[8],"tags":[],"class_list":["post-135452","post","type-post","status-publish","format-standard","has-post-thumbnail","hentry","category-politica"],"_links":{"self":[{"href":"https:\/\/iparaiba.com.br\/index.php\/wp-json\/wp\/v2\/posts\/135452","targetHints":{"allow":["GET"]}}],"collection":[{"href":"https:\/\/iparaiba.com.br\/index.php\/wp-json\/wp\/v2\/posts"}],"about":[{"href":"https:\/\/iparaiba.com.br\/index.php\/wp-json\/wp\/v2\/types\/post"}],"author":[{"embeddable":true,"href":"https:\/\/iparaiba.com.br\/index.php\/wp-json\/wp\/v2\/users\/1"}],"replies":[{"embeddable":true,"href":"https:\/\/iparaiba.com.br\/index.php\/wp-json\/wp\/v2\/comments?post=135452"}],"version-history":[{"count":1,"href":"https:\/\/iparaiba.com.br\/index.php\/wp-json\/wp\/v2\/posts\/135452\/revisions"}],"predecessor-version":[{"id":135486,"href":"https:\/\/iparaiba.com.br\/index.php\/wp-json\/wp\/v2\/posts\/135452\/revisions\/135486"}],"wp:featuredmedia":[{"embeddable":true,"href":"https:\/\/iparaiba.com.br\/index.php\/wp-json\/wp\/v2\/media\/101259"}],"wp:attachment":[{"href":"https:\/\/iparaiba.com.br\/index.php\/wp-json\/wp\/v2\/media?parent=135452"}],"wp:term":[{"taxonomy":"category","embeddable":true,"href":"https:\/\/iparaiba.com.br\/index.php\/wp-json\/wp\/v2\/categories?post=135452"},{"taxonomy":"post_tag","embeddable":true,"href":"https:\/\/iparaiba.com.br\/index.php\/wp-json\/wp\/v2\/tags?post=135452"}],"curies":[{"name":"wp","href":"https:\/\/api.w.org\/{rel}","templated":true}]}}