{"id":135451,"date":"2025-07-25T08:00:34","date_gmt":"2025-07-25T11:00:34","guid":{"rendered":"https:\/\/onordeste.com.br\/?p=135449"},"modified":"2025-07-25T08:00:34","modified_gmt":"2025-07-25T11:00:34","slug":"aumento-na-infestacao-por-aedes-aegypti","status":"publish","type":"post","link":"https:\/\/iparaiba.com.br\/index.php\/2025\/07\/25\/aumento-na-infestacao-por-aedes-aegypti\/","title":{"rendered":"Aumento na infesta\u00e7\u00e3o por Aedes aegypti"},"content":{"rendered":"<p>A Prefeitura de Campina Grande, por meio Secretaria Municipal de Sa\u00fade, divulgou nesta semana os dados do 3\u00ba Levantamento R\u00e1pido de \u00cdndices para o Aedes aegypti (LIRAa) de 2025, que apontam um aumento nos \u00edndices de infesta\u00e7\u00e3o do mosquito transmissor da dengue, zika e chikungunya. O resultado coloca a cidade em estado de alerta, segundo os crit\u00e9rios estabelecidos pelo Minist\u00e9rio da Sa\u00fade.<\/p>\n<p>O \u00cdndice de Infesta\u00e7\u00e3o Predial (IP) subiu de 3,4% no primeiro levantamento do ano para 5,3% no terceiro ciclo, realizado entre os dias 30 de junho e 4 de julho. J\u00e1 o \u00cdndice de Breteau (IB) \u2014 que mede o n\u00famero de recipientes com larvas a cada 100 im\u00f3veis \u2014 aumentou de 3,7% para 5,8% no mesmo intervalo.<\/p>\n<p>Os dados mostram que, apesar das a\u00e7\u00f5es cont\u00ednuas de combate, o munic\u00edpio enfrenta condi\u00e7\u00f5es clim\u00e1ticas e ambientais que favoreceram a prolifera\u00e7\u00e3o do mosquito ao longo do ano, especialmente devido ao volume de chuvas acima da m\u00e9dia em 2025.<\/p>\n<p>\u201cEstamos em alto risco, segundo os par\u00e2metros t\u00e9cnicos. Mas \u00e9 importante frisar que a situa\u00e7\u00e3o est\u00e1 sob controle e sendo acompanhada de perto\u201d, explica H\u00e9rcules Lafitte, gerente da Vigil\u00e2ncia Ambiental em Sa\u00fade do Munic\u00edpio. \u201cEm 2024, nesse mesmo per\u00edodo, o \u00edndice era de 4,2%. Este ano foi mais chuvoso, o que naturalmente aumenta a presen\u00e7a de \u00e1gua parada, ambiente ideal para o desenvolvimento do mosquito. Mesmo assim, seguimos atuando intensamente por meio dos nossos agentes de endemias e orientando a popula\u00e7\u00e3o\u201d, completou.<\/p>\n<p>pmcg<\/p>\n","protected":false},"excerpt":{"rendered":"<p>A Prefeitura de Campina Grande, por meio Secretaria Municipal de Sa\u00fade, divulgou nesta semana os dados do 3\u00ba Levantamento R\u00e1pido de \u00cdndices para o Aedes aegypti (LIRAa) de 2025, que apontam um aumento nos \u00edndices de infesta\u00e7\u00e3o do mosquito transmissor da dengue, zika e chikungunya. O resultado coloca a cidade em estado de alerta, segundo &hellip;<\/p>\n","protected":false},"author":1,"featured_media":118795,"comment_status":"open","ping_status":"open","sticky":false,"template":"","format":"standard","meta":{"footnotes":""},"categories":[15],"tags":[],"class_list":["post-135451","post","type-post","status-publish","format-standard","has-post-thumbnail","hentry","category-links"],"_links":{"self":[{"href":"https:\/\/iparaiba.com.br\/index.php\/wp-json\/wp\/v2\/posts\/135451","targetHints":{"allow":["GET"]}}],"collection":[{"href":"https:\/\/iparaiba.com.br\/index.php\/wp-json\/wp\/v2\/posts"}],"about":[{"href":"https:\/\/iparaiba.com.br\/index.php\/wp-json\/wp\/v2\/types\/post"}],"author":[{"embeddable":true,"href":"https:\/\/iparaiba.com.br\/index.php\/wp-json\/wp\/v2\/users\/1"}],"replies":[{"embeddable":true,"href":"https:\/\/iparaiba.com.br\/index.php\/wp-json\/wp\/v2\/comments?post=135451"}],"version-history":[{"count":1,"href":"https:\/\/iparaiba.com.br\/index.php\/wp-json\/wp\/v2\/posts\/135451\/revisions"}],"predecessor-version":[{"id":135485,"href":"https:\/\/iparaiba.com.br\/index.php\/wp-json\/wp\/v2\/posts\/135451\/revisions\/135485"}],"wp:featuredmedia":[{"embeddable":true,"href":"https:\/\/iparaiba.com.br\/index.php\/wp-json\/wp\/v2\/media\/118795"}],"wp:attachment":[{"href":"https:\/\/iparaiba.com.br\/index.php\/wp-json\/wp\/v2\/media?parent=135451"}],"wp:term":[{"taxonomy":"category","embeddable":true,"href":"https:\/\/iparaiba.com.br\/index.php\/wp-json\/wp\/v2\/categories?post=135451"},{"taxonomy":"post_tag","embeddable":true,"href":"https:\/\/iparaiba.com.br\/index.php\/wp-json\/wp\/v2\/tags?post=135451"}],"curies":[{"name":"wp","href":"https:\/\/api.w.org\/{rel}","templated":true}]}}