{"id":135450,"date":"2025-07-25T06:00:33","date_gmt":"2025-07-25T09:00:33","guid":{"rendered":"https:\/\/onordeste.com.br\/?p=135446"},"modified":"2025-07-25T06:00:33","modified_gmt":"2025-07-25T09:00:33","slug":"sancionada-lei-que-garante-assistencia-integral-a-pessoas-com-epilepsia","status":"publish","type":"post","link":"https:\/\/iparaiba.com.br\/index.php\/2025\/07\/25\/sancionada-lei-que-garante-assistencia-integral-a-pessoas-com-epilepsia\/","title":{"rendered":"Sancionada lei que garante assist\u00eancia integral a pessoas com epilepsia"},"content":{"rendered":"<p>O governador da Para\u00edba sancionou, nesta ter\u00e7a-feira (15), a Lei n\u00ba 13.759\/2025, que institui a Assist\u00eancia Integral \u00e0s Pessoas com Epilepsia no \u00e2mbito do Sistema \u00danico de Sa\u00fade (SUS) no estado. De autoria da deputada estadual Francisca Motta (Republicanos), a nova legisla\u00e7\u00e3o tem como base a Lei Federal n\u00ba 10.966\/17 e representa um importante avan\u00e7o na garantia de direitos e no cuidado com a popula\u00e7\u00e3o diagnosticada com epilepsia.<\/p>\n<p>Com a nova lei, a Para\u00edba passa a assegurar atendimento especializado e cont\u00ednuo \u00e0s pessoas com epilepsia, com foco na redu\u00e7\u00e3o das manifesta\u00e7\u00f5es cl\u00ednicas, na preven\u00e7\u00e3o de sequelas e no enfrentamento do estigma social que ainda cerca a doen\u00e7a. A norma tamb\u00e9m determina a promo\u00e7\u00e3o de a\u00e7\u00f5es educativas permanentes, por meio de campanhas de esclarecimento realizadas nas unidades de sa\u00fade, escolas, redes sociais e nos meios de comunica\u00e7\u00e3o oficiais do governo.<\/p>\n<p>Na pr\u00e1tica, a lei garante a inclus\u00e3o da epilepsia como prioridade nas pol\u00edticas p\u00fablicas de sa\u00fade, com a possibilidade de cria\u00e7\u00e3o de protocolos cl\u00ednicos, grupos de apoio, campanhas de conscientiza\u00e7\u00e3o e amplia\u00e7\u00e3o do acesso a exames como eletroencefalograma, resson\u00e2ncia magn\u00e9tica e monitoramento cont\u00ednuo.<\/p>\n<p>De acordo com a deputada Francisca Motta, al\u00e9m do SUS paraibano, as escolas p\u00fablicas tamb\u00e9m passam a ser aliadas nesse processo. \u201cPara acabar com o preconceito e a desinforma\u00e7\u00e3o, a lei contempla ainda a\u00e7\u00f5es de esclarecimento e combate ao estigma, especialmente entre crian\u00e7as e adolescentes, ampliando o alcance da assist\u00eancia conforme as necessidades da popula\u00e7\u00e3o\u201d, acrescentou a parlamentar.<\/p>\n<p>Atualmente, estima-se que entre 1% e 2% da popula\u00e7\u00e3o brasileira tenha epilepsia. Na Para\u00edba, isso representa entre 40 mil e 80 mil pessoas que poder\u00e3o ser diretamente beneficiadas pela nova legisla\u00e7\u00e3o.<\/p>\n<p>No Brasil, mais de 3 milh\u00f5es de pessoas convivem com a condi\u00e7\u00e3o, segundo a Organiza\u00e7\u00e3o Mundial da Sa\u00fade (OMS), sendo que at\u00e9 69% dos casos podem ser controlados com o uso regular de medicamentos dispon\u00edveis pelo SUS. No entanto, o acesso ao diagn\u00f3stico precoce, a exames adequados e ao tratamento cont\u00ednuo ainda \u00e9 um desafio em diversas regi\u00f5es do pa\u00eds.<br \/>\nA san\u00e7\u00e3o da Lei n\u00ba 13.759\/2025 refor\u00e7a o compromisso da deputada Francisca Motta com a sa\u00fade dos paraibanos e representa um passo decisivo na promo\u00e7\u00e3o da dignidade, da informa\u00e7\u00e3o e do cuidado humanizado \u00e0s pessoas com epilepsia, contribuindo para a constru\u00e7\u00e3o de uma sociedade mais inclusiva, consciente e livre de preconceitos.<\/p>\n","protected":false},"excerpt":{"rendered":"<p>O governador da Para\u00edba sancionou, nesta ter\u00e7a-feira (15), a Lei n\u00ba 13.759\/2025, que institui a Assist\u00eancia Integral \u00e0s Pessoas com Epilepsia no \u00e2mbito do Sistema \u00danico de Sa\u00fade (SUS) no estado. De autoria da deputada estadual Francisca Motta (Republicanos), a nova legisla\u00e7\u00e3o tem como base a Lei Federal n\u00ba 10.966\/17 e representa um importante avan\u00e7o &hellip;<\/p>\n","protected":false},"author":1,"featured_media":106738,"comment_status":"open","ping_status":"open","sticky":false,"template":"","format":"standard","meta":{"footnotes":""},"categories":[2],"tags":[],"class_list":["post-135450","post","type-post","status-publish","format-standard","has-post-thumbnail","hentry","category-saude"],"_links":{"self":[{"href":"https:\/\/iparaiba.com.br\/index.php\/wp-json\/wp\/v2\/posts\/135450","targetHints":{"allow":["GET"]}}],"collection":[{"href":"https:\/\/iparaiba.com.br\/index.php\/wp-json\/wp\/v2\/posts"}],"about":[{"href":"https:\/\/iparaiba.com.br\/index.php\/wp-json\/wp\/v2\/types\/post"}],"author":[{"embeddable":true,"href":"https:\/\/iparaiba.com.br\/index.php\/wp-json\/wp\/v2\/users\/1"}],"replies":[{"embeddable":true,"href":"https:\/\/iparaiba.com.br\/index.php\/wp-json\/wp\/v2\/comments?post=135450"}],"version-history":[{"count":1,"href":"https:\/\/iparaiba.com.br\/index.php\/wp-json\/wp\/v2\/posts\/135450\/revisions"}],"predecessor-version":[{"id":135484,"href":"https:\/\/iparaiba.com.br\/index.php\/wp-json\/wp\/v2\/posts\/135450\/revisions\/135484"}],"wp:featuredmedia":[{"embeddable":true,"href":"https:\/\/iparaiba.com.br\/index.php\/wp-json\/wp\/v2\/media\/106738"}],"wp:attachment":[{"href":"https:\/\/iparaiba.com.br\/index.php\/wp-json\/wp\/v2\/media?parent=135450"}],"wp:term":[{"taxonomy":"category","embeddable":true,"href":"https:\/\/iparaiba.com.br\/index.php\/wp-json\/wp\/v2\/categories?post=135450"},{"taxonomy":"post_tag","embeddable":true,"href":"https:\/\/iparaiba.com.br\/index.php\/wp-json\/wp\/v2\/tags?post=135450"}],"curies":[{"name":"wp","href":"https:\/\/api.w.org\/{rel}","templated":true}]}}