{"id":135449,"date":"2025-07-24T17:43:21","date_gmt":"2025-07-24T20:43:21","guid":{"rendered":"https:\/\/onordeste.com.br\/?p=135444"},"modified":"2025-07-24T17:43:21","modified_gmt":"2025-07-24T20:43:21","slug":"quase-mil-empresas-ja-aderiram-ao-refis-do-icms-com-pagamento-antecipado","status":"publish","type":"post","link":"https:\/\/iparaiba.com.br\/index.php\/2025\/07\/24\/quase-mil-empresas-ja-aderiram-ao-refis-do-icms-com-pagamento-antecipado\/","title":{"rendered":"Quase mil empresas j\u00e1 aderiram ao REFIS do ICMS com pagamento antecipado"},"content":{"rendered":"<p>A Secretaria de Estado da Fazenda (SEFAZ-PB) divulgou o balan\u00e7o parcial do Refis do ICMS, que foi iniciado no dia 1\u00ba de julho. Dados da primeira quinzena mostram que quase 1.000 empresas j\u00e1 aderiram ao programa de regulariza\u00e7\u00e3o incentivada de d\u00e9bitos fiscais.<\/p>\n<p>Esses estabelecimentos teriam at\u00e9 29 de agosto para realizar o pagamento, mas j\u00e1 anteciparam e recolheram aos cofres p\u00fablicos mais de R$ 10 milh\u00f5es.<\/p>\n<p>O prazo de ades\u00e3o ao Refis do ICMS, que garante desconto de at\u00e9 99% nas multas e nos juros de mora, segue at\u00e9 o dia 15 de agosto.<\/p>\n<p>Os empres\u00e1rios que t\u00eam d\u00edvidas relacionadas ao ICMS at\u00e9 31 de dezembro de 2024 dever\u00e3o formalizar o seu ingresso ao Refis, presencialmente, em uma das 20 unidades da Sefaz-PB mais pr\u00f3xima de seu domic\u00edlio tribut\u00e1rio (centros e unidades de atendimento ao cidad\u00e3o) ou ent\u00e3o virtualmente, por meio de um e-mail para a Sefaz-PB no endere\u00e7o\u00a0refis2025@sefaz365.pb.gov.br<\/p>\n","protected":false},"excerpt":{"rendered":"<p>A Secretaria de Estado da Fazenda (SEFAZ-PB) divulgou o balan\u00e7o parcial do Refis do ICMS, que foi iniciado no dia 1\u00ba de julho. Dados da primeira quinzena mostram que quase 1.000 empresas j\u00e1 aderiram ao programa de regulariza\u00e7\u00e3o incentivada de d\u00e9bitos fiscais. Esses estabelecimentos teriam at\u00e9 29 de agosto para realizar o pagamento, mas j\u00e1 &hellip;<\/p>\n","protected":false},"author":1,"featured_media":97479,"comment_status":"open","ping_status":"open","sticky":false,"template":"","format":"standard","meta":{"footnotes":""},"categories":[16],"tags":[],"class_list":["post-135449","post","type-post","status-publish","format-standard","has-post-thumbnail","hentry","category-economia"],"_links":{"self":[{"href":"https:\/\/iparaiba.com.br\/index.php\/wp-json\/wp\/v2\/posts\/135449","targetHints":{"allow":["GET"]}}],"collection":[{"href":"https:\/\/iparaiba.com.br\/index.php\/wp-json\/wp\/v2\/posts"}],"about":[{"href":"https:\/\/iparaiba.com.br\/index.php\/wp-json\/wp\/v2\/types\/post"}],"author":[{"embeddable":true,"href":"https:\/\/iparaiba.com.br\/index.php\/wp-json\/wp\/v2\/users\/1"}],"replies":[{"embeddable":true,"href":"https:\/\/iparaiba.com.br\/index.php\/wp-json\/wp\/v2\/comments?post=135449"}],"version-history":[{"count":1,"href":"https:\/\/iparaiba.com.br\/index.php\/wp-json\/wp\/v2\/posts\/135449\/revisions"}],"predecessor-version":[{"id":135483,"href":"https:\/\/iparaiba.com.br\/index.php\/wp-json\/wp\/v2\/posts\/135449\/revisions\/135483"}],"wp:featuredmedia":[{"embeddable":true,"href":"https:\/\/iparaiba.com.br\/index.php\/wp-json\/wp\/v2\/media\/97479"}],"wp:attachment":[{"href":"https:\/\/iparaiba.com.br\/index.php\/wp-json\/wp\/v2\/media?parent=135449"}],"wp:term":[{"taxonomy":"category","embeddable":true,"href":"https:\/\/iparaiba.com.br\/index.php\/wp-json\/wp\/v2\/categories?post=135449"},{"taxonomy":"post_tag","embeddable":true,"href":"https:\/\/iparaiba.com.br\/index.php\/wp-json\/wp\/v2\/tags?post=135449"}],"curies":[{"name":"wp","href":"https:\/\/api.w.org\/{rel}","templated":true}]}}