{"id":135448,"date":"2025-07-24T16:00:28","date_gmt":"2025-07-24T19:00:28","guid":{"rendered":"https:\/\/onordeste.com.br\/?p=135442"},"modified":"2025-07-24T16:00:28","modified_gmt":"2025-07-24T19:00:28","slug":"construcoes-irregulares-sao-retiradas-de-area-de-restinga","status":"publish","type":"post","link":"https:\/\/iparaiba.com.br\/index.php\/2025\/07\/24\/construcoes-irregulares-sao-retiradas-de-area-de-restinga\/","title":{"rendered":"Constru\u00e7\u00f5es irregulares s\u00e3o retiradas de \u00e1rea de restinga"},"content":{"rendered":"<div class=\"img\">Atendendo recomenda\u00e7\u00e3o do Minist\u00e9rio P\u00fablico Federal (MPF), as estruturas irregulares na \u00e1rea de restinga da praia de Ponta de Coqueiro, em Pitimbu (PB), foram retiradas.<\/div>\n<div><\/div>\n<div class=\"img\">\u00a0A a\u00e7\u00e3o conjunta contou com a participa\u00e7\u00e3o de equipes da Secretaria de Meio Ambiente de Pitimbu (Semam), da Pol\u00edcia do MPF, da Superintend\u00eancia do Patrim\u00f4nio da Uni\u00e3o (SPU), do Instituto Brasileiro do Meio Ambiente (Ibama) e do Instituto Chico Mendes de Conserva\u00e7\u00e3o da Biodiversidade (ICMBio).<\/div>\n<div><\/div>\n<p>A opera\u00e7\u00e3o resultou na remo\u00e7\u00e3o de cercamentos, edifica\u00e7\u00f5es e barreiras f\u00edsicas constru\u00eddas irregularmente sobre terrenos de marinha e em \u00e1rea de preserva\u00e7\u00e3o permanente (APP) de restinga fixadora de dunas \u2013 ecossistema essencial para a prote\u00e7\u00e3o da faixa litor\u00e2nea contra processos de eros\u00e3o.<\/p>\n<p>Conforme relat\u00f3rio encaminhado ao MPF pela Semam, a a\u00e7\u00e3o mobilizou servidores das secretarias municipais de Mobilidade Urbana (Semob), Receita, Infraestrutura e Guarda Municipal.<\/p>\n<p>Os trabalhos foram realizados com apoio de m\u00e1quinas pesadas e tamb\u00e9m de forma manual. Al\u00e9m da desobstru\u00e7\u00e3o das vias ocupadas, foi iniciado o processo de identifica\u00e7\u00e3o de esp\u00e9cies ex\u00f3ticas invasoras presentes na vegeta\u00e7\u00e3o costeira.<\/p>\n","protected":false},"excerpt":{"rendered":"<p>Atendendo recomenda\u00e7\u00e3o do Minist\u00e9rio P\u00fablico Federal (MPF), as estruturas irregulares na \u00e1rea de restinga da praia de Ponta de Coqueiro, em Pitimbu (PB), foram retiradas. \u00a0A a\u00e7\u00e3o conjunta contou com a participa\u00e7\u00e3o de equipes da Secretaria de Meio Ambiente de Pitimbu (Semam), da Pol\u00edcia do MPF, da Superintend\u00eancia do Patrim\u00f4nio da Uni\u00e3o (SPU), do Instituto &hellip;<\/p>\n","protected":false},"author":1,"featured_media":134037,"comment_status":"open","ping_status":"open","sticky":false,"template":"","format":"standard","meta":{"footnotes":""},"categories":[3],"tags":[],"class_list":["post-135448","post","type-post","status-publish","format-standard","has-post-thumbnail","hentry","category-nordeste"],"_links":{"self":[{"href":"https:\/\/iparaiba.com.br\/index.php\/wp-json\/wp\/v2\/posts\/135448","targetHints":{"allow":["GET"]}}],"collection":[{"href":"https:\/\/iparaiba.com.br\/index.php\/wp-json\/wp\/v2\/posts"}],"about":[{"href":"https:\/\/iparaiba.com.br\/index.php\/wp-json\/wp\/v2\/types\/post"}],"author":[{"embeddable":true,"href":"https:\/\/iparaiba.com.br\/index.php\/wp-json\/wp\/v2\/users\/1"}],"replies":[{"embeddable":true,"href":"https:\/\/iparaiba.com.br\/index.php\/wp-json\/wp\/v2\/comments?post=135448"}],"version-history":[{"count":1,"href":"https:\/\/iparaiba.com.br\/index.php\/wp-json\/wp\/v2\/posts\/135448\/revisions"}],"predecessor-version":[{"id":135482,"href":"https:\/\/iparaiba.com.br\/index.php\/wp-json\/wp\/v2\/posts\/135448\/revisions\/135482"}],"wp:featuredmedia":[{"embeddable":true,"href":"https:\/\/iparaiba.com.br\/index.php\/wp-json\/wp\/v2\/media\/134037"}],"wp:attachment":[{"href":"https:\/\/iparaiba.com.br\/index.php\/wp-json\/wp\/v2\/media?parent=135448"}],"wp:term":[{"taxonomy":"category","embeddable":true,"href":"https:\/\/iparaiba.com.br\/index.php\/wp-json\/wp\/v2\/categories?post=135448"},{"taxonomy":"post_tag","embeddable":true,"href":"https:\/\/iparaiba.com.br\/index.php\/wp-json\/wp\/v2\/tags?post=135448"}],"curies":[{"name":"wp","href":"https:\/\/api.w.org\/{rel}","templated":true}]}}