{"id":135445,"date":"2025-07-24T10:00:15","date_gmt":"2025-07-24T13:00:15","guid":{"rendered":"https:\/\/onordeste.com.br\/?p=135436"},"modified":"2025-07-24T10:00:15","modified_gmt":"2025-07-24T13:00:15","slug":"projeto-de-lei-estabelece-piso-salarial-nacional-dos-garis","status":"publish","type":"post","link":"https:\/\/iparaiba.com.br\/index.php\/2025\/07\/24\/projeto-de-lei-estabelece-piso-salarial-nacional-dos-garis\/","title":{"rendered":"Projeto de Lei estabelece piso salarial nacional dos garis"},"content":{"rendered":"<p>A C\u00e2mara Municipal de Campina Grande realizou, por proposta da vereadora J\u00f4 Oliveira, audi\u00eancia p\u00fablica com o objetivo de debater o Projeto de Lei Federal 4146\/2020, que institui o piso salarial nacional dos garis. A mesa foi composta pela deputada estadual Cida Ramos; Franklyn Ikaz, presidente do SINTAB; Glaucinete Cavalcante, diretora de Seguran\u00e7a do Trabalho do SINTAB; Freud da Costa R\u00eago, secret\u00e1rio do Sindicato dos Servidores P\u00fablicos do Cariri Oriental (SINSECAR); Maria da Paz do Patroc\u00ednio, diretora do Departamento Jur\u00eddico do SINTAB; Marli Melo do Nascimento, diretora da CULT (representando Socorro Ramalho); e Ednilson de Pontes Silva, agente de limpeza urbana do munic\u00edpio de Pirpirituba.<\/p>\n<p>Em sua fala inicial, a vereadora J\u00f4 Oliveira destacou a felicidade em ver a Casa ocupada por aqueles que desempenham papel fundamental para o funcionamento da cidade, ressaltando a import\u00e2ncia da legisla\u00e7\u00e3o municipal se envolver em uma discuss\u00e3o de alcance nacional. Agrade\u00e7o ao SINTAB pela iniciativa que possibilitou o debate e enfatizou a relev\u00e2ncia do Projeto de Lei, que prev\u00ea a fixa\u00e7\u00e3o do piso salarial em dois atrasos m\u00ednimos, aposentadoria especial, adicional de insalubridade e outros avan\u00e7os. A parlamentar informou que o PL foi encaminhado, no dia 2, \u00e0 Comiss\u00e3o de Finan\u00e7as e Tributa\u00e7\u00e3o, chegando, no \u00faltimo dia 11, \u00e0 Comiss\u00e3o de Constitui\u00e7\u00e3o e Justi\u00e7a (CCJ) da C\u00e2mara dos Deputados. J\u00f4 tamb\u00e9m expressou expectativa de que a audi\u00eancia p\u00fablica mobilize os parlamentares federais da Para\u00edba e contribua para a aprova\u00e7\u00e3o da mat\u00e9ria.<\/p>\n","protected":false},"excerpt":{"rendered":"<p>A C\u00e2mara Municipal de Campina Grande realizou, por proposta da vereadora J\u00f4 Oliveira, audi\u00eancia p\u00fablica com o objetivo de debater o Projeto de Lei Federal 4146\/2020, que institui o piso salarial nacional dos garis. A mesa foi composta pela deputada estadual Cida Ramos; Franklyn Ikaz, presidente do SINTAB; Glaucinete Cavalcante, diretora de Seguran\u00e7a do Trabalho &hellip;<\/p>\n","protected":false},"author":1,"featured_media":107531,"comment_status":"open","ping_status":"open","sticky":false,"template":"","format":"standard","meta":{"footnotes":""},"categories":[15],"tags":[],"class_list":["post-135445","post","type-post","status-publish","format-standard","has-post-thumbnail","hentry","category-links"],"_links":{"self":[{"href":"https:\/\/iparaiba.com.br\/index.php\/wp-json\/wp\/v2\/posts\/135445","targetHints":{"allow":["GET"]}}],"collection":[{"href":"https:\/\/iparaiba.com.br\/index.php\/wp-json\/wp\/v2\/posts"}],"about":[{"href":"https:\/\/iparaiba.com.br\/index.php\/wp-json\/wp\/v2\/types\/post"}],"author":[{"embeddable":true,"href":"https:\/\/iparaiba.com.br\/index.php\/wp-json\/wp\/v2\/users\/1"}],"replies":[{"embeddable":true,"href":"https:\/\/iparaiba.com.br\/index.php\/wp-json\/wp\/v2\/comments?post=135445"}],"version-history":[{"count":1,"href":"https:\/\/iparaiba.com.br\/index.php\/wp-json\/wp\/v2\/posts\/135445\/revisions"}],"predecessor-version":[{"id":135479,"href":"https:\/\/iparaiba.com.br\/index.php\/wp-json\/wp\/v2\/posts\/135445\/revisions\/135479"}],"wp:featuredmedia":[{"embeddable":true,"href":"https:\/\/iparaiba.com.br\/index.php\/wp-json\/wp\/v2\/media\/107531"}],"wp:attachment":[{"href":"https:\/\/iparaiba.com.br\/index.php\/wp-json\/wp\/v2\/media?parent=135445"}],"wp:term":[{"taxonomy":"category","embeddable":true,"href":"https:\/\/iparaiba.com.br\/index.php\/wp-json\/wp\/v2\/categories?post=135445"},{"taxonomy":"post_tag","embeddable":true,"href":"https:\/\/iparaiba.com.br\/index.php\/wp-json\/wp\/v2\/tags?post=135445"}],"curies":[{"name":"wp","href":"https:\/\/api.w.org\/{rel}","templated":true}]}}