{"id":135443,"date":"2025-07-24T06:00:40","date_gmt":"2025-07-24T09:00:40","guid":{"rendered":"https:\/\/onordeste.com.br\/?p=135432"},"modified":"2025-07-24T06:00:40","modified_gmt":"2025-07-24T09:00:40","slug":"camara-retoma-trabalhos-legislativos-no-proximo-dia-31","status":"publish","type":"post","link":"https:\/\/iparaiba.com.br\/index.php\/2025\/07\/24\/camara-retoma-trabalhos-legislativos-no-proximo-dia-31\/","title":{"rendered":"C\u00e2mara retoma trabalhos legislativos no pr\u00f3ximo dia 31"},"content":{"rendered":"<p align=\"justify\">A C\u00e2mara Municipal de Jo\u00e3o Pessoa (CMJP) inicia oficialmente os trabalhos legislativos do segundo semestre de 2025 no pr\u00f3ximo dia 31 de julho. A sess\u00e3o solene para retomada das atividades ocorrer\u00e1 \u00e0s 9h30, no plen\u00e1rio do senador Humberto Lucena.<\/p>\n<div><\/div>\n<p>As atividades legislativas do primeiro semestre foram encerradas ap\u00f3s vota\u00e7\u00e3o da Lei de Diretrizes Or\u00e7ament\u00e1rias para o exerc\u00edcio financeiro de 2026. Na oportunidade, o presidente da Casa, Dinho Dowsley (PSD), fez um do Legislativo Municipal no primeiro semestre.<\/p>\n<div><a href=\"https:\/\/joaopessoa.pb.leg.br\/presidente-faz-balanco-de-acoes-do-legislativo-municipal-no-primeiro-semestre\/\" target=\"_blank\" rel=\"noopener\">Balan\u00e7o das a\u00e7\u00f5es<\/a><\/div>\n<div><\/div>\n<p>Uma Comiss\u00e3o de Recesso composta pelo presidente Dinho, al\u00e9m dos vereadores, Eliza Virg\u00ednia (PP), Marcos Henriques (PT), Odon Bezerra (PSB), Durval Ferreira (PL), Dam\u00e1sio Franca (PP), Milanez Neto (MDB) e F\u00e1bio Carneiro (Solidariedade) est\u00e3o dando continuidade aos trabalhos da Casa durante o recesso legislativo (20 de junho a 30 de julho). Todos os setores administrativos do Legislativo Municipal continuaram ativos.<\/p>\n<p align=\"justify\">\n<div><\/div>\n","protected":false},"excerpt":{"rendered":"<p>A C\u00e2mara Municipal de Jo\u00e3o Pessoa (CMJP) inicia oficialmente os trabalhos legislativos do segundo semestre de 2025 no pr\u00f3ximo dia 31 de julho. A sess\u00e3o solene para retomada das atividades ocorrer\u00e1 \u00e0s 9h30, no plen\u00e1rio do senador Humberto Lucena. As atividades legislativas do primeiro semestre foram encerradas ap\u00f3s vota\u00e7\u00e3o da Lei de Diretrizes Or\u00e7ament\u00e1rias para &hellip;<\/p>\n","protected":false},"author":1,"featured_media":99615,"comment_status":"open","ping_status":"open","sticky":false,"template":"","format":"standard","meta":{"footnotes":""},"categories":[8],"tags":[],"class_list":["post-135443","post","type-post","status-publish","format-standard","has-post-thumbnail","hentry","category-politica"],"_links":{"self":[{"href":"https:\/\/iparaiba.com.br\/index.php\/wp-json\/wp\/v2\/posts\/135443","targetHints":{"allow":["GET"]}}],"collection":[{"href":"https:\/\/iparaiba.com.br\/index.php\/wp-json\/wp\/v2\/posts"}],"about":[{"href":"https:\/\/iparaiba.com.br\/index.php\/wp-json\/wp\/v2\/types\/post"}],"author":[{"embeddable":true,"href":"https:\/\/iparaiba.com.br\/index.php\/wp-json\/wp\/v2\/users\/1"}],"replies":[{"embeddable":true,"href":"https:\/\/iparaiba.com.br\/index.php\/wp-json\/wp\/v2\/comments?post=135443"}],"version-history":[{"count":1,"href":"https:\/\/iparaiba.com.br\/index.php\/wp-json\/wp\/v2\/posts\/135443\/revisions"}],"predecessor-version":[{"id":135477,"href":"https:\/\/iparaiba.com.br\/index.php\/wp-json\/wp\/v2\/posts\/135443\/revisions\/135477"}],"wp:featuredmedia":[{"embeddable":true,"href":"https:\/\/iparaiba.com.br\/index.php\/wp-json\/wp\/v2\/media\/99615"}],"wp:attachment":[{"href":"https:\/\/iparaiba.com.br\/index.php\/wp-json\/wp\/v2\/media?parent=135443"}],"wp:term":[{"taxonomy":"category","embeddable":true,"href":"https:\/\/iparaiba.com.br\/index.php\/wp-json\/wp\/v2\/categories?post=135443"},{"taxonomy":"post_tag","embeddable":true,"href":"https:\/\/iparaiba.com.br\/index.php\/wp-json\/wp\/v2\/tags?post=135443"}],"curies":[{"name":"wp","href":"https:\/\/api.w.org\/{rel}","templated":true}]}}