{"id":135422,"date":"2025-07-14T11:53:21","date_gmt":"2025-07-14T14:53:21","guid":{"rendered":"https:\/\/onordeste.com.br\/?p=135382"},"modified":"2025-07-14T11:53:21","modified_gmt":"2025-07-14T14:53:21","slug":"vereadores-pedem-ao-banco-do-brasil-e-a-caixa-instalacao-de-centros-culturais","status":"publish","type":"post","link":"https:\/\/iparaiba.com.br\/index.php\/2025\/07\/14\/vereadores-pedem-ao-banco-do-brasil-e-a-caixa-instalacao-de-centros-culturais\/","title":{"rendered":"Vereadores pedem ao Banco do Brasil e \u00e0 Caixa instala\u00e7\u00e3o de centros culturais"},"content":{"rendered":"<p>A C\u00e2mara Municipal de Jo\u00e3o Pessoa iniciou um movimento para atrair, para a capital paraibana, a instala\u00e7\u00e3o de dois importantes equipamentos. Trata-se dos centros culturais da Caixa Econ\u00f4mica Federal e do Banco do Brasil. Alguns estados da federa\u00e7\u00e3o j\u00e1 possuem equipamentos do g\u00eanero, voltados para a divulga\u00e7\u00e3o da cultura e promo\u00e7\u00e3o de artistas locais e nacionais.<\/p>\n<p>As duas institui\u00e7\u00f5es financeiras, as principais do pa\u00eds, s\u00e3o comandadas por paraibanos. O Bando do Brasil por Taciana Medeiros e a Caixa Econ\u00f4mica, por Carlos Vieira. O momento de maior representatividade do Estado, inclusive, \u00e9 visto como incentivo para as conquistas pleiteadas pelos vereadores pessoenses. Estiveram presentes do encontro o presidente da Casa, Dinho Dowsley, e o vereador Marcos Vin\u00edcius.<\/p>\n<p>A audi\u00eancia na Caixa Econ\u00f4mica foi acompanhada, tamb\u00e9m, pelo senador paraibano Veneziano Vital do R\u00eago. O grupo tamb\u00e9m foi acompanhado pelo secret\u00e1rio da Mesa Diretora, Carlos Santos. \u201cEstes equipamentos v\u00e3o refor\u00e7ar o turismo no Centro Hist\u00f3rico de Jo\u00e3o Pessoa. Estamos otimistas em rela\u00e7\u00e3o a mais essa conquista para a capital paraibana\u201d, ressaltou Dinho Dowsley.<\/p>\n<p>Na Caixa Econ\u00f4mica, os vereadores foram recebidos pelo presidente nacional da Caixa, Carlos Vieira.<\/p>\n<p>Na reuni\u00e3o do Banco do Brasil, participaram o gerente de Governo, Douglas Finardi Ferreira, o presidente Dinho e o vereador Marcos Vinicius.<\/p>\n<p>&nbsp;<\/p>\n","protected":false},"excerpt":{"rendered":"<p>A C\u00e2mara Municipal de Jo\u00e3o Pessoa iniciou um movimento para atrair, para a capital paraibana, a instala\u00e7\u00e3o de dois importantes equipamentos. Trata-se dos centros culturais da Caixa Econ\u00f4mica Federal e do Banco do Brasil. Alguns estados da federa\u00e7\u00e3o j\u00e1 possuem equipamentos do g\u00eanero, voltados para a divulga\u00e7\u00e3o da cultura e promo\u00e7\u00e3o de artistas locais e &hellip;<\/p>\n","protected":false},"author":1,"featured_media":110487,"comment_status":"open","ping_status":"open","sticky":false,"template":"","format":"standard","meta":{"footnotes":""},"categories":[4],"tags":[],"class_list":["post-135422","post","type-post","status-publish","format-standard","has-post-thumbnail","hentry","category-cultura"],"_links":{"self":[{"href":"https:\/\/iparaiba.com.br\/index.php\/wp-json\/wp\/v2\/posts\/135422","targetHints":{"allow":["GET"]}}],"collection":[{"href":"https:\/\/iparaiba.com.br\/index.php\/wp-json\/wp\/v2\/posts"}],"about":[{"href":"https:\/\/iparaiba.com.br\/index.php\/wp-json\/wp\/v2\/types\/post"}],"author":[{"embeddable":true,"href":"https:\/\/iparaiba.com.br\/index.php\/wp-json\/wp\/v2\/users\/1"}],"replies":[{"embeddable":true,"href":"https:\/\/iparaiba.com.br\/index.php\/wp-json\/wp\/v2\/comments?post=135422"}],"version-history":[{"count":0,"href":"https:\/\/iparaiba.com.br\/index.php\/wp-json\/wp\/v2\/posts\/135422\/revisions"}],"wp:featuredmedia":[{"embeddable":true,"href":"https:\/\/iparaiba.com.br\/index.php\/wp-json\/wp\/v2\/media\/110487"}],"wp:attachment":[{"href":"https:\/\/iparaiba.com.br\/index.php\/wp-json\/wp\/v2\/media?parent=135422"}],"wp:term":[{"taxonomy":"category","embeddable":true,"href":"https:\/\/iparaiba.com.br\/index.php\/wp-json\/wp\/v2\/categories?post=135422"},{"taxonomy":"post_tag","embeddable":true,"href":"https:\/\/iparaiba.com.br\/index.php\/wp-json\/wp\/v2\/tags?post=135422"}],"curies":[{"name":"wp","href":"https:\/\/api.w.org\/{rel}","templated":true}]}}