{"id":135421,"date":"2025-07-14T11:52:07","date_gmt":"2025-07-14T14:52:07","guid":{"rendered":"https:\/\/onordeste.com.br\/?p=135380"},"modified":"2025-07-14T11:52:07","modified_gmt":"2025-07-14T14:52:07","slug":"agevisa-interdita-fabrica-e-lojas-de-suplementos-alimentares","status":"publish","type":"post","link":"https:\/\/iparaiba.com.br\/index.php\/2025\/07\/14\/agevisa-interdita-fabrica-e-lojas-de-suplementos-alimentares\/","title":{"rendered":"Agevisa interdita f\u00e1brica e lojas de suplementos alimentares"},"content":{"rendered":"<p style=\"font-weight: 400;\">Em opera\u00e7\u00e3o conjunta com o Minist\u00e9rio P\u00fablico Estadual (representado pelo\u00a0Programa de Prote\u00e7\u00e3o e Defesa do Consumidor &#8211; MP-Procon) e pela Secretaria de Estado da Fazenda (Sefaz\/PB), a\u00a0Ag\u00eancia Estadual de Vigil\u00e2ncia Sanit\u00e1ria (Agevisa\/PB) interditou, nesta quarta-feira (09), uma f\u00e1brica e tr\u00eas lojas de suplementos alimentares e produtos naturais sediadas no munic\u00edpio de Campina Grande (com a participa\u00e7\u00e3o da Vigil\u00e2ncia Sanit\u00e1ria municipal) e uma loja do mesmo ramo localizada na Capital Jo\u00e3o Pessoa, no Bairro de Mangabeira.<\/p>\n<p style=\"font-weight: 400;\">Realizada de forma simult\u00e2nea nos dois munic\u00edpios, a a\u00e7\u00e3o teve como principais alvos um grupo empresarial propriet\u00e1rio de uma loja em Jo\u00e3o Pessoa e de outras tr\u00eas lojas e uma f\u00e1brica em Campina Grande, al\u00e9m de e uma loja de produtos naturais sediada na Rua Afonso Campos, no Centro da cidade.<\/p>\n<p style=\"font-weight: 400;\"><strong>Irregularidades \u2013<\/strong>\u00a0as interdi\u00e7\u00f5es foram motivadas pela constata\u00e7\u00e3o de v\u00e1rias irregularidades, dentre as quais a comercializa\u00e7\u00e3o irregular de\u00a0suplementos alimentares e de produtos naturais com apelo terap\u00eautico n\u00e3o autorizado; a inexist\u00eancia de autoriza\u00e7\u00e3o sanit\u00e1ria de funcionamento; a comercializa\u00e7\u00e3o de suplementos alimentares sem a respectiva notifica\u00e7\u00e3o obrigat\u00f3ria junto \u00e0 Anvisa, e a pr\u00e1tica de propaganda irregular e enganosa de suplementos alimentares, alimentos e medicamentos, atribuindo aos mesmos alega\u00e7\u00f5es terap\u00eauticas n\u00e3o comprovadas sobre seus benef\u00edcios, como emagrecimento, desintoxica\u00e7\u00e3o, controle de diabetes, sa\u00fade cerebral, a\u00e7\u00e3o diur\u00e9tica, melhora do sono, estimulante uterino, regula\u00e7\u00e3o intestinal etc., e induzindo o consumidor a erro quanto \u00e0 real qualidade, efici\u00eancia e efic\u00e1cia dos produtos.<\/p>\n<p style=\"font-weight: 400;\">Tamb\u00e9m foi constatada a pr\u00e1tica irregular de comercializa\u00e7\u00e3o de produtos \u00e0 granel sem\u00a0 notifica\u00e7\u00e3o na Anvisa; a comercializa\u00e7\u00e3o de medicamentos sem autoriza\u00e7\u00e3o sanit\u00e1ria e sem registro na Anvisa; o armazenamento e comercializa\u00e7\u00e3o de diversos produtos sem identifica\u00e7\u00e3o e com problemas de rotulagem,\u00a0como aus\u00eancia de informa\u00e7\u00f5es obrigat\u00f3rias (n\u00famero de lote, validade, composi\u00e7\u00e3o, identifica\u00e7\u00e3o do fabricante e advert\u00eancias sanit\u00e1rias); ind\u00edcios de manipula\u00e7\u00e3o ou fracionamento dos produtos em locais n\u00e3o autorizados, o que configura infra\u00e7\u00e3o sanit\u00e1ria grave; a exist\u00eancia de produtos com validade vencida e, portanto, impr\u00f3prio para o consumo, a falta de precifica\u00e7\u00e3o e, tamb\u00e9m, de\u00a0informa\u00e7\u00e3o sobre a origem, al\u00e9m da n\u00e3o apresenta\u00e7\u00e3o de Notas Fiscais.<\/p>\n<p style=\"font-weight: 400;\"><strong>Notifica\u00e7\u00f5es \u2013<\/strong>\u00a0Somando-se \u00e0s interdi\u00e7\u00f5es cautelares, os respons\u00e1veis pelos estabelecimentos foram notificados a requerer Autoriza\u00e7\u00e3o de Funcionamento junto ao \u00f3rg\u00e3o sanit\u00e1rio competente; regularizar todos os produtos; suspender todas as propagandas, em todos os meios eletr\u00f4nicos, dos produtos sujeitos \u00e0 Vigil\u00e2ncia Sanit\u00e1ria que contenham indica\u00e7\u00e3o terap\u00eautica, propriedades funcionais e\/ou de sa\u00fade, e que n\u00e3o possuem a respectiva autoriza\u00e7\u00e3o sanit\u00e1ria, e a providenciar regulariza\u00e7\u00e3o de todos os produtos sem origem (\u00e0 granel), apresentando documenta\u00e7\u00e3o comprobat\u00f3ria da regulariza\u00e7\u00e3o junto aos \u00f3rg\u00e3os competentes.<\/p>\n<p style=\"font-weight: 400;\">Tamb\u00e9m foi determinada a retirada e n\u00e3o comercializa\u00e7\u00e3o de produtos de compet\u00eancia do Mapa, sem o devido registro no \u00f3rg\u00e3o, e a apresenta\u00e7\u00e3o de laudos laboratoriais dos suplementos alimentares e medicamentos fabricados, distribu\u00eddos e comercializados.<\/p>\n<p>Agevisa<\/p>\n","protected":false},"excerpt":{"rendered":"<p>Em opera\u00e7\u00e3o conjunta com o Minist\u00e9rio P\u00fablico Estadual (representado pelo\u00a0Programa de Prote\u00e7\u00e3o e Defesa do Consumidor &#8211; MP-Procon) e pela Secretaria de Estado da Fazenda (Sefaz\/PB), a\u00a0Ag\u00eancia Estadual de Vigil\u00e2ncia Sanit\u00e1ria (Agevisa\/PB) interditou, nesta quarta-feira (09), uma f\u00e1brica e tr\u00eas lojas de suplementos alimentares e produtos naturais sediadas no munic\u00edpio de Campina Grande (com a &hellip;<\/p>\n","protected":false},"author":1,"featured_media":98303,"comment_status":"open","ping_status":"open","sticky":false,"template":"","format":"standard","meta":{"footnotes":""},"categories":[15],"tags":[],"class_list":["post-135421","post","type-post","status-publish","format-standard","has-post-thumbnail","hentry","category-links"],"_links":{"self":[{"href":"https:\/\/iparaiba.com.br\/index.php\/wp-json\/wp\/v2\/posts\/135421","targetHints":{"allow":["GET"]}}],"collection":[{"href":"https:\/\/iparaiba.com.br\/index.php\/wp-json\/wp\/v2\/posts"}],"about":[{"href":"https:\/\/iparaiba.com.br\/index.php\/wp-json\/wp\/v2\/types\/post"}],"author":[{"embeddable":true,"href":"https:\/\/iparaiba.com.br\/index.php\/wp-json\/wp\/v2\/users\/1"}],"replies":[{"embeddable":true,"href":"https:\/\/iparaiba.com.br\/index.php\/wp-json\/wp\/v2\/comments?post=135421"}],"version-history":[{"count":0,"href":"https:\/\/iparaiba.com.br\/index.php\/wp-json\/wp\/v2\/posts\/135421\/revisions"}],"wp:featuredmedia":[{"embeddable":true,"href":"https:\/\/iparaiba.com.br\/index.php\/wp-json\/wp\/v2\/media\/98303"}],"wp:attachment":[{"href":"https:\/\/iparaiba.com.br\/index.php\/wp-json\/wp\/v2\/media?parent=135421"}],"wp:term":[{"taxonomy":"category","embeddable":true,"href":"https:\/\/iparaiba.com.br\/index.php\/wp-json\/wp\/v2\/categories?post=135421"},{"taxonomy":"post_tag","embeddable":true,"href":"https:\/\/iparaiba.com.br\/index.php\/wp-json\/wp\/v2\/tags?post=135421"}],"curies":[{"name":"wp","href":"https:\/\/api.w.org\/{rel}","templated":true}]}}