{"id":135419,"date":"2025-07-14T11:50:10","date_gmt":"2025-07-14T14:50:10","guid":{"rendered":"https:\/\/onordeste.com.br\/?p=135376"},"modified":"2025-07-14T11:50:10","modified_gmt":"2025-07-14T14:50:10","slug":"alpb-lamenta-falecimento-do-jornalista-abelardo-oliveira","status":"publish","type":"post","link":"https:\/\/iparaiba.com.br\/index.php\/2025\/07\/14\/alpb-lamenta-falecimento-do-jornalista-abelardo-oliveira\/","title":{"rendered":"ALPB lamenta falecimento do jornalista Abelardo Oliveira"},"content":{"rendered":"<p>O presidente da Assembleia Legislativa da Para\u00edba, Adriano Galdino, em nome de todos os parlamentares e servidores da Casa de Epit\u00e1cio Pessoa, vem a p\u00fablico lamentar o falecimento do jornalista Abelardo Oliveira, aos 64 anos.<\/p>\n<p>Abelardo, que atuava na ALPB desde os anos 80, faleceu em sua resid\u00eancia ap\u00f3s um mal s\u00fabito. Ele tem uma s\u00e9rie de servi\u00e7os prestados \u00e0 Casa de Epit\u00e1cio Pessoa no \u00e2mbito da comunica\u00e7\u00e3o p\u00fablica e deixa um legado de \u00e9tica, companheirismo e compromisso com o Poder Legislativo Paraibano.<\/p>\n<p>Neste momento de dor e saudade, a Assembleia Legislativa se solidariza com familiares, amigos e colegas de profiss\u00e3o, desejando que Deus lhes conceda conforto e for\u00e7a para superar esta irrepar\u00e1vel perda.<\/p>\n<p>Ainda n\u00e3o h\u00e1 informa\u00e7\u00f5es sobre o vel\u00f3rio e enterro, que \u00a0ser\u00e3o divulgadas assim que disponibilizadas pela fam\u00edlia.<\/p>\n","protected":false},"excerpt":{"rendered":"<p>O presidente da Assembleia Legislativa da Para\u00edba, Adriano Galdino, em nome de todos os parlamentares e servidores da Casa de Epit\u00e1cio Pessoa, vem a p\u00fablico lamentar o falecimento do jornalista Abelardo Oliveira, aos 64 anos. Abelardo, que atuava na ALPB desde os anos 80, faleceu em sua resid\u00eancia ap\u00f3s um mal s\u00fabito. Ele tem uma &hellip;<\/p>\n","protected":false},"author":1,"featured_media":98405,"comment_status":"open","ping_status":"open","sticky":false,"template":"","format":"standard","meta":{"footnotes":""},"categories":[6],"tags":[],"class_list":["post-135419","post","type-post","status-publish","format-standard","has-post-thumbnail","hentry","category-destaques"],"_links":{"self":[{"href":"https:\/\/iparaiba.com.br\/index.php\/wp-json\/wp\/v2\/posts\/135419","targetHints":{"allow":["GET"]}}],"collection":[{"href":"https:\/\/iparaiba.com.br\/index.php\/wp-json\/wp\/v2\/posts"}],"about":[{"href":"https:\/\/iparaiba.com.br\/index.php\/wp-json\/wp\/v2\/types\/post"}],"author":[{"embeddable":true,"href":"https:\/\/iparaiba.com.br\/index.php\/wp-json\/wp\/v2\/users\/1"}],"replies":[{"embeddable":true,"href":"https:\/\/iparaiba.com.br\/index.php\/wp-json\/wp\/v2\/comments?post=135419"}],"version-history":[{"count":0,"href":"https:\/\/iparaiba.com.br\/index.php\/wp-json\/wp\/v2\/posts\/135419\/revisions"}],"wp:featuredmedia":[{"embeddable":true,"href":"https:\/\/iparaiba.com.br\/index.php\/wp-json\/wp\/v2\/media\/98405"}],"wp:attachment":[{"href":"https:\/\/iparaiba.com.br\/index.php\/wp-json\/wp\/v2\/media?parent=135419"}],"wp:term":[{"taxonomy":"category","embeddable":true,"href":"https:\/\/iparaiba.com.br\/index.php\/wp-json\/wp\/v2\/categories?post=135419"},{"taxonomy":"post_tag","embeddable":true,"href":"https:\/\/iparaiba.com.br\/index.php\/wp-json\/wp\/v2\/tags?post=135419"}],"curies":[{"name":"wp","href":"https:\/\/api.w.org\/{rel}","templated":true}]}}