{"id":135417,"date":"2025-07-16T16:00:18","date_gmt":"2025-07-16T19:00:18","guid":{"rendered":"https:\/\/onordeste.com.br\/?p=135416"},"modified":"2025-07-16T16:00:18","modified_gmt":"2025-07-16T19:00:18","slug":"lucas-ribeiro-reafirma-que-esta-no-jogo-nosso-nome-esta-posto-para-o-governo","status":"publish","type":"post","link":"https:\/\/iparaiba.com.br\/index.php\/2025\/07\/16\/lucas-ribeiro-reafirma-que-esta-no-jogo-nosso-nome-esta-posto-para-o-governo\/","title":{"rendered":"Lucas Ribeiro reafirma que est\u00e1 no jogo: \u201cNosso nome est\u00e1 posto para o governo\u201d"},"content":{"rendered":"<p>O vice-governador da Para\u00edba, Lucas Ribeiro (PP), voltou a afirmar publicamente, durante entrevista nesta quarta-feira (09) que seu nome est\u00e1 \u00e0 disposi\u00e7\u00e3o para disputar o Governo do Estado em 2026. Em declara\u00e7\u00e3o direta, ele destacou que n\u00e3o h\u00e1 d\u00favidas quanto \u00e0 sua pr\u00e9-candidatura: \u201cO nome da disputa, com certeza, \u00e9 o nosso. Est\u00e1 posto.\u201d<\/p>\n<p>Durante entrevista, Lucas revelou que j\u00e1 iniciou di\u00e1logos importantes, incluindo uma conversa com o prefeito de Jo\u00e3o Pessoa, C\u00edcero Lucena (PP), mas refor\u00e7ou que a constru\u00e7\u00e3o do projeto pol\u00edtico ser\u00e1 feita de forma interna, respeitando o tempo e as articula\u00e7\u00f5es da base governista.<\/p>\n<p>\u201cPra apresentar esse projeto \u00e9 que a gente vai fazer essa constru\u00e7\u00e3o e n\u00e3o vai ter nenhum tipo de problema em rela\u00e7\u00e3o a isso\u201d, assegurou.<\/p>\n<p>Segundo ele, o apoio do governador Jo\u00e3o Azev\u00eado tamb\u00e9m \u00e9 um ponto de peso no processo. \u201cO governador colocando o seu nome \u00e0 disposi\u00e7\u00e3o, como ele j\u00e1 tem sinalizado, vamos colocar o nosso tamb\u00e9m.\u201d<\/p>\n<p>Com isso, Lucas Ribeiro d\u00e1 um passo adiante na consolida\u00e7\u00e3o de seu espa\u00e7o dentro do grupo pol\u00edtico que hoje comanda o estado, deixando claro que, se assumir em abril do ano que vem, est\u00e1 pronto para encabe\u00e7ar a sucess\u00e3o estadual<\/p>\n<p>PBAGORA<\/p>\n","protected":false},"excerpt":{"rendered":"<p>O vice-governador da Para\u00edba, Lucas Ribeiro (PP), voltou a afirmar publicamente, durante entrevista nesta quarta-feira (09) que seu nome est\u00e1 \u00e0 disposi\u00e7\u00e3o para disputar o Governo do Estado em 2026. Em declara\u00e7\u00e3o direta, ele destacou que n\u00e3o h\u00e1 d\u00favidas quanto \u00e0 sua pr\u00e9-candidatura: \u201cO nome da disputa, com certeza, \u00e9 o nosso. Est\u00e1 posto.\u201d Durante &hellip;<\/p>\n","protected":false},"author":1,"featured_media":97917,"comment_status":"open","ping_status":"open","sticky":false,"template":"","format":"standard","meta":{"footnotes":""},"categories":[8],"tags":[],"class_list":["post-135417","post","type-post","status-publish","format-standard","has-post-thumbnail","hentry","category-politica"],"_links":{"self":[{"href":"https:\/\/iparaiba.com.br\/index.php\/wp-json\/wp\/v2\/posts\/135417","targetHints":{"allow":["GET"]}}],"collection":[{"href":"https:\/\/iparaiba.com.br\/index.php\/wp-json\/wp\/v2\/posts"}],"about":[{"href":"https:\/\/iparaiba.com.br\/index.php\/wp-json\/wp\/v2\/types\/post"}],"author":[{"embeddable":true,"href":"https:\/\/iparaiba.com.br\/index.php\/wp-json\/wp\/v2\/users\/1"}],"replies":[{"embeddable":true,"href":"https:\/\/iparaiba.com.br\/index.php\/wp-json\/wp\/v2\/comments?post=135417"}],"version-history":[{"count":1,"href":"https:\/\/iparaiba.com.br\/index.php\/wp-json\/wp\/v2\/posts\/135417\/revisions"}],"predecessor-version":[{"id":135440,"href":"https:\/\/iparaiba.com.br\/index.php\/wp-json\/wp\/v2\/posts\/135417\/revisions\/135440"}],"wp:featuredmedia":[{"embeddable":true,"href":"https:\/\/iparaiba.com.br\/index.php\/wp-json\/wp\/v2\/media\/97917"}],"wp:attachment":[{"href":"https:\/\/iparaiba.com.br\/index.php\/wp-json\/wp\/v2\/media?parent=135417"}],"wp:term":[{"taxonomy":"category","embeddable":true,"href":"https:\/\/iparaiba.com.br\/index.php\/wp-json\/wp\/v2\/categories?post=135417"},{"taxonomy":"post_tag","embeddable":true,"href":"https:\/\/iparaiba.com.br\/index.php\/wp-json\/wp\/v2\/tags?post=135417"}],"curies":[{"name":"wp","href":"https:\/\/api.w.org\/{rel}","templated":true}]}}