{"id":135416,"date":"2025-07-16T14:00:33","date_gmt":"2025-07-16T17:00:33","guid":{"rendered":"https:\/\/onordeste.com.br\/?p=135414"},"modified":"2025-07-16T14:00:33","modified_gmt":"2025-07-16T17:00:33","slug":"stf-invalida-norma-que-permitia-eleicao-antecipada-para-mesa","status":"publish","type":"post","link":"https:\/\/iparaiba.com.br\/index.php\/2025\/07\/16\/stf-invalida-norma-que-permitia-eleicao-antecipada-para-mesa\/","title":{"rendered":"STF invalida norma que permitia elei\u00e7\u00e3o antecipada para Mesa"},"content":{"rendered":"<p>O Plen\u00e1rio do Supremo Tribunal Federal (STF) invalidou norma da Assembleia Legislativa do Estado de Pernambuco (Alepe) que permitia a realiza\u00e7\u00e3o antecipada da elei\u00e7\u00e3o para os cargos da mesa diretora a serem ocupados no segundo bi\u00eanio da legislatura. A decis\u00e3o un\u00e2nime foi proferida na A\u00e7\u00e3o Direta de Inconstitucionalidade\u00a0<strong><a href=\"https:\/\/portal.stf.jus.br\/processos\/detalhe.asp?incidente=7070358\" target=\"_blank\" rel=\"noreferrer noopener\" data-type=\"link\" data-id=\"https:\/\/portal.stf.jus.br\/processos\/detalhe.asp?incidente=7070358\">(ADI) 7737<\/a><\/strong>, julgada na sess\u00e3o virtual encerrada em 24\/6<\/p>\n<p>A Procuradoria-Geral da Rep\u00fablica (PGR), autora da a\u00e7\u00e3o, questionava trecho da Resolu\u00e7\u00e3o 1.936\/2023 da Alepe, que previa a realiza\u00e7\u00e3o da elei\u00e7\u00e3o para o segundo bi\u00eanio entre 1\u00ba de novembro do primeiro ano da legislatura e 1\u00ba de fevereiro do terceiro ano. Em outubro do ano passado, o relator, ministro Fl\u00e1vio Dino, concedeu liminar suspendendo os efeitos da elei\u00e7\u00e3o para o bi\u00eanio 2025\/2027, realizada em novembro de 2023, e determinou a realiza\u00e7\u00e3o de novo pleito entre dezembro do ano passado e 1\u00ba de fevereiro de 2025. Essa liminar foi referendada por unanimidade pelo Plen\u00e1rio do STF. Posteriormente, a Assembleia informou nos autos que a decis\u00e3o foi integralmente cumprida.<\/p>\n<h5 class=\"wp-block-heading\"><strong>Julgamento de m\u00e9rito<\/strong><\/h5>\n<p>No julgamento do m\u00e9rito, o ministro Fl\u00e1vio Dino votou pela proced\u00eancia do pedido da PGR. Ele ressaltou que o Supremo entende que os estados n\u00e3o t\u00eam liberdade irrestrita para definir qualquer forma de elei\u00e7\u00e3o para os cargos de dire\u00e7\u00e3o de seus parlamentos. \u201cEles devem respeitar os limites impostos pelos princ\u00edpios republicano e democr\u00e1tico\u201d, afirmou.<\/p>\n<p>Segundo Dino, eliminar o intervalo entre as elei\u00e7\u00f5es para as mesas das assembleias legislativas impede a avalia\u00e7\u00e3o do desempenho dos ocupantes dos cargos e impossibilita que o processo eleitoral reflita eventuais mudan\u00e7as na vontade pol\u00edtica dos parlamentares ou na composi\u00e7\u00e3o das for\u00e7as pol\u00edticas dentro da casa legislativa. Para o relator, a medida pode provocar uma desconex\u00e3o entre a dire\u00e7\u00e3o das assembleias e a realidade pol\u00edtica vigente no momento do exerc\u00edcio do mandato.<\/p>\n<p>STF<\/p>\n","protected":false},"excerpt":{"rendered":"<p>O Plen\u00e1rio do Supremo Tribunal Federal (STF) invalidou norma da Assembleia Legislativa do Estado de Pernambuco (Alepe) que permitia a realiza\u00e7\u00e3o antecipada da elei\u00e7\u00e3o para os cargos da mesa diretora a serem ocupados no segundo bi\u00eanio da legislatura. A decis\u00e3o un\u00e2nime foi proferida na A\u00e7\u00e3o Direta de Inconstitucionalidade\u00a0(ADI) 7737, julgada na sess\u00e3o virtual encerrada em &hellip;<\/p>\n","protected":false},"author":1,"featured_media":134038,"comment_status":"open","ping_status":"open","sticky":false,"template":"","format":"standard","meta":{"footnotes":""},"categories":[8],"tags":[],"class_list":["post-135416","post","type-post","status-publish","format-standard","has-post-thumbnail","hentry","category-politica"],"_links":{"self":[{"href":"https:\/\/iparaiba.com.br\/index.php\/wp-json\/wp\/v2\/posts\/135416","targetHints":{"allow":["GET"]}}],"collection":[{"href":"https:\/\/iparaiba.com.br\/index.php\/wp-json\/wp\/v2\/posts"}],"about":[{"href":"https:\/\/iparaiba.com.br\/index.php\/wp-json\/wp\/v2\/types\/post"}],"author":[{"embeddable":true,"href":"https:\/\/iparaiba.com.br\/index.php\/wp-json\/wp\/v2\/users\/1"}],"replies":[{"embeddable":true,"href":"https:\/\/iparaiba.com.br\/index.php\/wp-json\/wp\/v2\/comments?post=135416"}],"version-history":[{"count":1,"href":"https:\/\/iparaiba.com.br\/index.php\/wp-json\/wp\/v2\/posts\/135416\/revisions"}],"predecessor-version":[{"id":135439,"href":"https:\/\/iparaiba.com.br\/index.php\/wp-json\/wp\/v2\/posts\/135416\/revisions\/135439"}],"wp:featuredmedia":[{"embeddable":true,"href":"https:\/\/iparaiba.com.br\/index.php\/wp-json\/wp\/v2\/media\/134038"}],"wp:attachment":[{"href":"https:\/\/iparaiba.com.br\/index.php\/wp-json\/wp\/v2\/media?parent=135416"}],"wp:term":[{"taxonomy":"category","embeddable":true,"href":"https:\/\/iparaiba.com.br\/index.php\/wp-json\/wp\/v2\/categories?post=135416"},{"taxonomy":"post_tag","embeddable":true,"href":"https:\/\/iparaiba.com.br\/index.php\/wp-json\/wp\/v2\/tags?post=135416"}],"curies":[{"name":"wp","href":"https:\/\/api.w.org\/{rel}","templated":true}]}}