{"id":135414,"date":"2025-07-16T10:00:36","date_gmt":"2025-07-16T13:00:36","guid":{"rendered":"https:\/\/onordeste.com.br\/?p=135410"},"modified":"2025-07-16T10:00:36","modified_gmt":"2025-07-16T13:00:36","slug":"stf-comeca-a-ouvir-testemunhas-dos-nucleos-2-3-e-4-da-tentativa-de-golpe","status":"publish","type":"post","link":"https:\/\/iparaiba.com.br\/index.php\/2025\/07\/16\/stf-comeca-a-ouvir-testemunhas-dos-nucleos-2-3-e-4-da-tentativa-de-golpe\/","title":{"rendered":"STF come\u00e7a a ouvir testemunhas dos N\u00facleos 2, 3 e 4 da tentativa de golpe"},"content":{"rendered":"<p>O Supremo Tribunal Federal (STF) come\u00e7a na manh\u00e3 desta segunda-feira (14) as oitivas das testemunhas de defesa e de acusa\u00e7\u00e3o nas A\u00e7\u00f5es Penais (APs)\u00a0<strong><a href=\"https:\/\/portal.stf.jus.br\/processos\/detalhe.asp?incidente=7285943\" target=\"_blank\" rel=\"noreferrer noopener\">2693<\/a><\/strong>,\u00a0<strong><a href=\"https:\/\/portal.stf.jus.br\/processos\/detalhe.asp?incidente=7291682\" target=\"_blank\" rel=\"noreferrer noopener\">2696<\/a><\/strong>\u00a0e\u00a0<strong><a href=\"https:\/\/portal.stf.jus.br\/processos\/detalhe.asp?incidente=7286019\" target=\"_blank\" rel=\"noreferrer noopener\">2694<\/a><\/strong>\u00a0(N\u00facleos 2, 3 e 4, respectivamente) da suposta tentativa de golpe de Estado. As audi\u00eancias v\u00e3o at\u00e9 23 de julho, e ser\u00e3o feitas por videoconfer\u00eancia.<\/p>\n<p>Os depoimentos come\u00e7am \u00e0s 9h. As primeiras a serem ouvidas s\u00e3o as testemunhas de acusa\u00e7\u00e3o, apresentadas pela Procuradoria-Geral da Rep\u00fablica (PGR). A partir das 14h ser\u00e1 a vez do tenente-coronel Mauro Cid falar, na condi\u00e7\u00e3o de informante, por ter fechado um acordo de colabora\u00e7\u00e3o premiada no caso. Sua oitiva ser\u00e1 comum \u00e0s tr\u00eas a\u00e7\u00f5es e ser\u00e1 exibida na Primeira Turma.<\/p>\n<p>As audi\u00eancias das testemunhas de defesa do N\u00facleo 2 ocorrem entre 15 e 21 de julho e poder\u00e3o ser acompanhadas na sala de sess\u00f5es da Primeira Turma. As oitivas das testemunhas de defesa do N\u00facleo 3 ser\u00e3o realizadas entre 21 e 23 e poder\u00e3o ser acompanhadas na sala de sess\u00f5es da Segunda Turma. J\u00e1 as testemunhas do N\u00facleo 4 ser\u00e3o ouvidas nos dias 15 e 16 de julho, e podem ser acompanhadas na sala de sess\u00f5es da Segunda Turma.<\/p>\n<p>As testemunhas de defesa foram indicadas pelos advogados dos r\u00e9us. A oitiva marca o come\u00e7o da instru\u00e7\u00e3o processual, momento de produ\u00e7\u00e3o das provas para acusa\u00e7\u00e3o e defesa.<\/p>\n<h5 class=\"wp-block-heading\"><strong>R\u00e9us\u00a0<\/strong><\/h5>\n<p>No N\u00facleo 2 s\u00e3o r\u00e9us Fernando de Sousa Oliveira (delegado da Pol\u00edcia Federal), Filipe Garcia Martins Pereira (ex-assessor internacional da Presid\u00eancia da Rep\u00fablica), Marcelo Costa C\u00e2mara (coronel da reserva do Ex\u00e9rcito e ex-assessor da Presid\u00eancia), Mar\u00edlia Ferreira de Alencar (delegada e ex-diretora de Intelig\u00eancia da Pol\u00edcia Federal), M\u00e1rio Fernandes (general da reserva do Ex\u00e9rcito) e Silvinei Vasques (ex-diretor-geral da Pol\u00edcia Rodovi\u00e1ria Federal).<\/p>\n<p>No N\u00facleo 3 figuram como r\u00e9us tr\u00eas coron\u00e9is do Ex\u00e9rcito (Bernardo Rom\u00e3o Correa Netto, Fabr\u00edcio Moreira de Bastos e M\u00e1rcio Nunes de Resende Jr.), cinco tenentes-coron\u00e9is (H\u00e9lio Ferreira Lima, Rafael Martins de Oliveira, Rodrigo Bezerra de Azevedo, Ronald Ferreira de Ara\u00fajo Jr. e S\u00e9rgio Ricardo Cavaliere de Medeiros), o general da reserva Estevam Theophilo Gaspar de Oliveira e o agente da Pol\u00edcia Federal Wladimir Matos Soares.<\/p>\n<p>J\u00e1 no N\u00facleo 4 s\u00e3o r\u00e9us Ailton Moraes Barros (ex-major do Ex\u00e9rcito); \u00c2ngelo Denicoli, (major da reserva do Ex\u00e9rcito); Giancarlo Rodrigues (subtenente do Ex\u00e9rcito); Guilherme Almeida (tenente-coronel do Ex\u00e9rcito); Reginaldo Abreu, (coronel do Ex\u00e9rcito); Marcelo Bormevet (agente da Pol\u00edcia Federal); e Carlos Cesar Moretzsohn Rocha (presidente do Instituto Voto Legal).<\/p>\n<p>Todos respondem pelos crimes de tentativa de aboli\u00e7\u00e3o violenta do Estado Democr\u00e1tico de Direito, tentativa de golpe de Estado, participa\u00e7\u00e3o em organiza\u00e7\u00e3o criminosa armada, dano qualificado e deteriora\u00e7\u00e3o de patrim\u00f4nio tombado.<\/p>\n<p>STF<\/p>\n","protected":false},"excerpt":{"rendered":"<p>O Supremo Tribunal Federal (STF) come\u00e7a na manh\u00e3 desta segunda-feira (14) as oitivas das testemunhas de defesa e de acusa\u00e7\u00e3o nas A\u00e7\u00f5es Penais (APs)\u00a02693,\u00a02696\u00a0e\u00a02694\u00a0(N\u00facleos 2, 3 e 4, respectivamente) da suposta tentativa de golpe de Estado. As audi\u00eancias v\u00e3o at\u00e9 23 de julho, e ser\u00e3o feitas por videoconfer\u00eancia. Os depoimentos come\u00e7am \u00e0s 9h. As primeiras &hellip;<\/p>\n","protected":false},"author":1,"featured_media":107988,"comment_status":"open","ping_status":"open","sticky":false,"template":"","format":"standard","meta":{"footnotes":""},"categories":[9],"tags":[],"class_list":["post-135414","post","type-post","status-publish","format-standard","has-post-thumbnail","hentry","category-justica"],"_links":{"self":[{"href":"https:\/\/iparaiba.com.br\/index.php\/wp-json\/wp\/v2\/posts\/135414","targetHints":{"allow":["GET"]}}],"collection":[{"href":"https:\/\/iparaiba.com.br\/index.php\/wp-json\/wp\/v2\/posts"}],"about":[{"href":"https:\/\/iparaiba.com.br\/index.php\/wp-json\/wp\/v2\/types\/post"}],"author":[{"embeddable":true,"href":"https:\/\/iparaiba.com.br\/index.php\/wp-json\/wp\/v2\/users\/1"}],"replies":[{"embeddable":true,"href":"https:\/\/iparaiba.com.br\/index.php\/wp-json\/wp\/v2\/comments?post=135414"}],"version-history":[{"count":1,"href":"https:\/\/iparaiba.com.br\/index.php\/wp-json\/wp\/v2\/posts\/135414\/revisions"}],"predecessor-version":[{"id":135437,"href":"https:\/\/iparaiba.com.br\/index.php\/wp-json\/wp\/v2\/posts\/135414\/revisions\/135437"}],"wp:featuredmedia":[{"embeddable":true,"href":"https:\/\/iparaiba.com.br\/index.php\/wp-json\/wp\/v2\/media\/107988"}],"wp:attachment":[{"href":"https:\/\/iparaiba.com.br\/index.php\/wp-json\/wp\/v2\/media?parent=135414"}],"wp:term":[{"taxonomy":"category","embeddable":true,"href":"https:\/\/iparaiba.com.br\/index.php\/wp-json\/wp\/v2\/categories?post=135414"},{"taxonomy":"post_tag","embeddable":true,"href":"https:\/\/iparaiba.com.br\/index.php\/wp-json\/wp\/v2\/tags?post=135414"}],"curies":[{"name":"wp","href":"https:\/\/api.w.org\/{rel}","templated":true}]}}