{"id":135412,"date":"2025-07-16T06:00:29","date_gmt":"2025-07-16T09:00:29","guid":{"rendered":"https:\/\/onordeste.com.br\/?p=135406"},"modified":"2025-07-16T06:00:29","modified_gmt":"2025-07-16T09:00:29","slug":"detran-abre-processo-seletivo-para-estagiarios","status":"publish","type":"post","link":"https:\/\/iparaiba.com.br\/index.php\/2025\/07\/16\/detran-abre-processo-seletivo-para-estagiarios\/","title":{"rendered":"Detran abre processo seletivo para estagi\u00e1rios"},"content":{"rendered":"<p>ODepartamento Estadual de Tr\u00e2nsito (Detran-PB), por meio da Escola de Servi\u00e7o P\u00fablico do Estado da Para\u00edba (Espep), abriu inscri\u00e7\u00f5es para sele\u00e7\u00e3o de 173 estagi\u00e1rios nas \u00e1reas de Administra\u00e7\u00e3o, Arquitetura e Urbanismo, Arquivologia, Comunica\u00e7\u00e3o Social, Direito, Engenharia Civil, Estat\u00edstica, Gest\u00e3o P\u00fablica e M\u00eddias Sociais. S\u00e3o 34 vagas para preenchimento imediato e 139 para cadastro de reserva. As inscri\u00e7\u00f5es s\u00e3o gratuitas e seguem at\u00e9 o dia 27 de julho.<\/p>\n<p>De acordo com o Edital 006\/2025, para se inscrever, os interessados dever\u00e3o enviar sua documenta\u00e7\u00e3o para o endere\u00e7o eletr\u00f4nico\u00a0<a href=\"https:\/\/forms.gle\/pRJcEmoFWW8ANgXn6\">https:\/\/forms.gle\/pRJcEmoFWW8ANgXn6<\/a>. Poder\u00e3o participar do Processo Seletivo Simplificado estudantes das seguintes institui\u00e7\u00f5es de ensino superior: UFPB, IFPB, UEPB, FESP e Uniesp, todas com conv\u00eanio com o Detran-PB.<\/p>\n<p><b>Remunera\u00e7\u00e3o \u2013\u00a0<\/b>Os candidatos selecionados contar\u00e3o com bolsa de est\u00e1gio no valor mensal de R$ 1.200,00; aux\u00edlio-transporte no valor atual de R$ 200,00, sendo pago juntamente com a bolsa de est\u00e1gio, proporcionalmente aos dias efetivamente estagiados; seguro contra acidentes pessoais e recesso remunerado de 30 dias anuais, a ser gozado, preferencialmente, nas f\u00e9rias escolares, sempre que o per\u00edodo de dura\u00e7\u00e3o do est\u00e1gio for igual ou superior a um ano, ou de forma proporcional, caso o est\u00e1gio ocorra por per\u00edodo inferior.<\/p>\n<p>Ainda de acordo com o edital, o regime de est\u00e1gio ser\u00e1 de 30 horas semanais para serem cumpridas das 8h \u00e0s 14h ou 10h30 \u00e0s 16h30.<\/p>\n<p>Confira aqui o<a class=\"internal-link\" title=\"\" href=\"https:\/\/paraiba.pb.gov.br\/noticias\/detran-pb-abre-processo-seletivo-para-estagiarios-de-nivel-superior-e-as-inscricoes-seguem-ate-o-dia-27\/editalno0062025seadespepdetranestagiarioscompleto1.pdf\" target=\"_self\" data-tippreview-image=\"\" data-tippreview-title=\"\" data-tippreview-enabled=\"false\">\u00a0edital completo<\/a><\/p>\n","protected":false},"excerpt":{"rendered":"<p>ODepartamento Estadual de Tr\u00e2nsito (Detran-PB), por meio da Escola de Servi\u00e7o P\u00fablico do Estado da Para\u00edba (Espep), abriu inscri\u00e7\u00f5es para sele\u00e7\u00e3o de 173 estagi\u00e1rios nas \u00e1reas de Administra\u00e7\u00e3o, Arquitetura e Urbanismo, Arquivologia, Comunica\u00e7\u00e3o Social, Direito, Engenharia Civil, Estat\u00edstica, Gest\u00e3o P\u00fablica e M\u00eddias Sociais. S\u00e3o 34 vagas para preenchimento imediato e 139 para cadastro de reserva. &hellip;<\/p>\n","protected":false},"author":1,"featured_media":101818,"comment_status":"open","ping_status":"open","sticky":false,"template":"","format":"standard","meta":{"footnotes":""},"categories":[7],"tags":[],"class_list":["post-135412","post","type-post","status-publish","format-standard","has-post-thumbnail","hentry","category-diversas"],"_links":{"self":[{"href":"https:\/\/iparaiba.com.br\/index.php\/wp-json\/wp\/v2\/posts\/135412","targetHints":{"allow":["GET"]}}],"collection":[{"href":"https:\/\/iparaiba.com.br\/index.php\/wp-json\/wp\/v2\/posts"}],"about":[{"href":"https:\/\/iparaiba.com.br\/index.php\/wp-json\/wp\/v2\/types\/post"}],"author":[{"embeddable":true,"href":"https:\/\/iparaiba.com.br\/index.php\/wp-json\/wp\/v2\/users\/1"}],"replies":[{"embeddable":true,"href":"https:\/\/iparaiba.com.br\/index.php\/wp-json\/wp\/v2\/comments?post=135412"}],"version-history":[{"count":1,"href":"https:\/\/iparaiba.com.br\/index.php\/wp-json\/wp\/v2\/posts\/135412\/revisions"}],"predecessor-version":[{"id":135435,"href":"https:\/\/iparaiba.com.br\/index.php\/wp-json\/wp\/v2\/posts\/135412\/revisions\/135435"}],"wp:featuredmedia":[{"embeddable":true,"href":"https:\/\/iparaiba.com.br\/index.php\/wp-json\/wp\/v2\/media\/101818"}],"wp:attachment":[{"href":"https:\/\/iparaiba.com.br\/index.php\/wp-json\/wp\/v2\/media?parent=135412"}],"wp:term":[{"taxonomy":"category","embeddable":true,"href":"https:\/\/iparaiba.com.br\/index.php\/wp-json\/wp\/v2\/categories?post=135412"},{"taxonomy":"post_tag","embeddable":true,"href":"https:\/\/iparaiba.com.br\/index.php\/wp-json\/wp\/v2\/tags?post=135412"}],"curies":[{"name":"wp","href":"https:\/\/api.w.org\/{rel}","templated":true}]}}