{"id":135411,"date":"2025-07-15T18:28:07","date_gmt":"2025-07-15T21:28:07","guid":{"rendered":"https:\/\/onordeste.com.br\/?p=135404"},"modified":"2025-07-15T18:28:07","modified_gmt":"2025-07-15T21:28:07","slug":"paraiba-supera-meta-nacional-e-registra-56-de-criancas-alfabetizadas","status":"publish","type":"post","link":"https:\/\/iparaiba.com.br\/index.php\/2025\/07\/15\/paraiba-supera-meta-nacional-e-registra-56-de-criancas-alfabetizadas\/","title":{"rendered":"Para\u00edba supera meta nacional e registra 56% de crian\u00e7as alfabetizadas"},"content":{"rendered":"<p>A Para\u00edba registrou um avan\u00e7o expressivo na alfabetiza\u00e7\u00e3o infantil e superou a meta estabelecida pelo Minist\u00e9rio da Educa\u00e7\u00e3o (MEC) para o ano de 2024. Segundo o Indicador Crian\u00e7a Alfabetizada (ICA), divulgado nesta sexta-feira (11), o Estado alcan\u00e7ou o percentual de 56% de crian\u00e7as alfabetizadas ao final do 2\u00ba ano do Ensino Fundamental, um crescimento de 4,9 pontos percentuais em rela\u00e7\u00e3o a 2023, quando o \u00edndice era de 51,12%. O resultado \u00e9 reflexo direto da atua\u00e7\u00e3o articulada entre o Governo do Estado e os 223 munic\u00edpios paraibanos, por meio do programa Alfabetiza Mais Para\u00edba, lan\u00e7ado em maio de 2023<\/p>\n<p>De acordo com os dados, o estado ocupa a 12\u00aa coloca\u00e7\u00e3o no ranking nacional de alfabetiza\u00e7\u00e3o infantil em 2024, considerando o percentual de crian\u00e7as alfabetizadas ao final do 2\u00ba ano do Ensino Fundamental. Entre os estados que atingiram a meta estabelecida pelo MEC, a Para\u00edba se destaca ainda como o 3\u00ba maior crescimento do Nordeste e o 9\u00ba do Brasil, refor\u00e7ando o impacto positivo das pol\u00edticas p\u00fablicas adotadas e do regime de colabora\u00e7\u00e3o entre Estado e munic\u00edpios.<\/p>\n<p>Com esse desempenho, a Para\u00edba se junta a outros 10 estados brasileiros que superaram as metas intermedi\u00e1rias definidas pelo Instituto Nacional de Estudos e Pesquisas Educacionais An\u00edsio Teixeira (Inep), integrando um grupo de destaque na constru\u00e7\u00e3o da pol\u00edtica nacional de alfabetiza\u00e7\u00e3o.<\/p>\n","protected":false},"excerpt":{"rendered":"<p>A Para\u00edba registrou um avan\u00e7o expressivo na alfabetiza\u00e7\u00e3o infantil e superou a meta estabelecida pelo Minist\u00e9rio da Educa\u00e7\u00e3o (MEC) para o ano de 2024. Segundo o Indicador Crian\u00e7a Alfabetizada (ICA), divulgado nesta sexta-feira (11), o Estado alcan\u00e7ou o percentual de 56% de crian\u00e7as alfabetizadas ao final do 2\u00ba ano do Ensino Fundamental, um crescimento de &hellip;<\/p>\n","protected":false},"author":1,"featured_media":109083,"comment_status":"open","ping_status":"open","sticky":false,"template":"","format":"standard","meta":{"footnotes":""},"categories":[11],"tags":[],"class_list":["post-135411","post","type-post","status-publish","format-standard","has-post-thumbnail","hentry","category-educacao"],"_links":{"self":[{"href":"https:\/\/iparaiba.com.br\/index.php\/wp-json\/wp\/v2\/posts\/135411","targetHints":{"allow":["GET"]}}],"collection":[{"href":"https:\/\/iparaiba.com.br\/index.php\/wp-json\/wp\/v2\/posts"}],"about":[{"href":"https:\/\/iparaiba.com.br\/index.php\/wp-json\/wp\/v2\/types\/post"}],"author":[{"embeddable":true,"href":"https:\/\/iparaiba.com.br\/index.php\/wp-json\/wp\/v2\/users\/1"}],"replies":[{"embeddable":true,"href":"https:\/\/iparaiba.com.br\/index.php\/wp-json\/wp\/v2\/comments?post=135411"}],"version-history":[{"count":1,"href":"https:\/\/iparaiba.com.br\/index.php\/wp-json\/wp\/v2\/posts\/135411\/revisions"}],"predecessor-version":[{"id":135434,"href":"https:\/\/iparaiba.com.br\/index.php\/wp-json\/wp\/v2\/posts\/135411\/revisions\/135434"}],"wp:featuredmedia":[{"embeddable":true,"href":"https:\/\/iparaiba.com.br\/index.php\/wp-json\/wp\/v2\/media\/109083"}],"wp:attachment":[{"href":"https:\/\/iparaiba.com.br\/index.php\/wp-json\/wp\/v2\/media?parent=135411"}],"wp:term":[{"taxonomy":"category","embeddable":true,"href":"https:\/\/iparaiba.com.br\/index.php\/wp-json\/wp\/v2\/categories?post=135411"},{"taxonomy":"post_tag","embeddable":true,"href":"https:\/\/iparaiba.com.br\/index.php\/wp-json\/wp\/v2\/tags?post=135411"}],"curies":[{"name":"wp","href":"https:\/\/api.w.org\/{rel}","templated":true}]}}