{"id":135375,"date":"2025-07-08T11:48:01","date_gmt":"2025-07-08T14:48:01","guid":{"rendered":"https:\/\/onordeste.com.br\/?p=135323"},"modified":"2025-07-08T11:48:01","modified_gmt":"2025-07-08T14:48:01","slug":"anvisa-alerta-sobre-uso-do-formol-como-alisante-de-cabelos","status":"publish","type":"post","link":"https:\/\/iparaiba.com.br\/index.php\/2025\/07\/08\/anvisa-alerta-sobre-uso-do-formol-como-alisante-de-cabelos\/","title":{"rendered":"Anvisa alerta sobre uso do formol como alisante de cabelos"},"content":{"rendered":"<p>nforme de seguran\u00e7a alertando sobre os riscos \u00e0 sa\u00fade e aos cabelos relacionados ao uso de alisantes capilares, especialmente os que cont\u00eam subst\u00e2ncias proibidas, como o formol, ou formalde\u00eddo, e o \u00e1cido gliox\u00edlico. Os produtos irregulares podem causar desde irrita\u00e7\u00f5es na pele at\u00e9 problemas respirat\u00f3rios e danos irrevers\u00edveis \u00e0 estrutura capilar.<\/p>\n<p>O documento destaca que, atualmente, o formol \u00e9 permitido em produtos cosm\u00e9ticos no Brasil apenas como conservante, em concentra\u00e7\u00f5es de at\u00e9 0,2%, e como endurecedor de unhas, at\u00e9 5%. Seu uso como agente alisante \u00e9 proibido e representa s\u00e9rios riscos \u00e0 sa\u00fade.<\/p>\n<p>A Anvisa chama a aten\u00e7\u00e3o que \u201co \u00e1cido gliox\u00edlico, tamb\u00e9m proibido para essa finalidade, pode causar severos danos quando aquecido, sendo especialmente perigoso quando combinado com outros procedimentos, como a descolora\u00e7\u00e3o dos fios capilares\u201d.<\/p>\n<p>O informe traz orienta\u00e7\u00f5es detalhadas para consumidores e profissionais de sal\u00f5es de beleza:<\/p>\n<p>consumidores devem verificar se o produto \u00e9 regularizado junto \u00e0 Anvisa;<br \/>\nevitar produtos sem r\u00f3tulo ou com promessas enganosas;<br \/>\nseguir corretamente as instru\u00e7\u00f5es de uso;<br \/>\nficar atento a sinais como coceira, ard\u00eancia ou dificuldades respirat\u00f3rias.<\/p>\n<p>Os profissionais devem utilizar apenas produtos regularizados e devem recusar o uso de subst\u00e2ncias proibidas, mesmo que a pedido do cliente. A Anvisa alerta ainda que os profissionais adotem medidas de prote\u00e7\u00e3o individual e mantenham os ambientes ventilados.<\/p>\n<p>A Anvisa esclarece tamb\u00e9m que \u201ca adi\u00e7\u00e3o de formol a cosm\u00e9ticos \u00e9 considerada infra\u00e7\u00e3o sanit\u00e1ria grave e pode configurar crime hediondo, conforme o artigo 273 do C\u00f3digo Penal\u201d.<\/p>\n<p>A ag\u00eancia refor\u00e7a a import\u00e2ncia do monitoramento e da avalia\u00e7\u00e3o de produtos cosm\u00e9ticos ap\u00f3s a sua comercializa\u00e7\u00e3o para prevenir riscos e proteger a sa\u00fade p\u00fablica.<\/p>\n","protected":false},"excerpt":{"rendered":"<p>nforme de seguran\u00e7a alertando sobre os riscos \u00e0 sa\u00fade e aos cabelos relacionados ao uso de alisantes capilares, especialmente os que cont\u00eam subst\u00e2ncias proibidas, como o formol, ou formalde\u00eddo, e o \u00e1cido gliox\u00edlico. Os produtos irregulares podem causar desde irrita\u00e7\u00f5es na pele at\u00e9 problemas respirat\u00f3rios e danos irrevers\u00edveis \u00e0 estrutura capilar. O documento destaca que, &hellip;<\/p>\n","protected":false},"author":1,"featured_media":110616,"comment_status":"open","ping_status":"open","sticky":false,"template":"","format":"standard","meta":{"footnotes":""},"categories":[18],"tags":[],"class_list":["post-135375","post","type-post","status-publish","format-standard","has-post-thumbnail","hentry","category-brasil"],"_links":{"self":[{"href":"https:\/\/iparaiba.com.br\/index.php\/wp-json\/wp\/v2\/posts\/135375","targetHints":{"allow":["GET"]}}],"collection":[{"href":"https:\/\/iparaiba.com.br\/index.php\/wp-json\/wp\/v2\/posts"}],"about":[{"href":"https:\/\/iparaiba.com.br\/index.php\/wp-json\/wp\/v2\/types\/post"}],"author":[{"embeddable":true,"href":"https:\/\/iparaiba.com.br\/index.php\/wp-json\/wp\/v2\/users\/1"}],"replies":[{"embeddable":true,"href":"https:\/\/iparaiba.com.br\/index.php\/wp-json\/wp\/v2\/comments?post=135375"}],"version-history":[{"count":0,"href":"https:\/\/iparaiba.com.br\/index.php\/wp-json\/wp\/v2\/posts\/135375\/revisions"}],"wp:featuredmedia":[{"embeddable":true,"href":"https:\/\/iparaiba.com.br\/index.php\/wp-json\/wp\/v2\/media\/110616"}],"wp:attachment":[{"href":"https:\/\/iparaiba.com.br\/index.php\/wp-json\/wp\/v2\/media?parent=135375"}],"wp:term":[{"taxonomy":"category","embeddable":true,"href":"https:\/\/iparaiba.com.br\/index.php\/wp-json\/wp\/v2\/categories?post=135375"},{"taxonomy":"post_tag","embeddable":true,"href":"https:\/\/iparaiba.com.br\/index.php\/wp-json\/wp\/v2\/tags?post=135375"}],"curies":[{"name":"wp","href":"https:\/\/api.w.org\/{rel}","templated":true}]}}