{"id":135373,"date":"2025-07-11T17:58:49","date_gmt":"2025-07-11T20:58:49","guid":{"rendered":"https:\/\/onordeste.com.br\/?p=135373"},"modified":"2025-07-11T17:58:49","modified_gmt":"2025-07-11T20:58:49","slug":"pf-deflagra-operacao-contra-compra-de-votos","status":"publish","type":"post","link":"https:\/\/iparaiba.com.br\/index.php\/2025\/07\/11\/pf-deflagra-operacao-contra-compra-de-votos\/","title":{"rendered":"PF deflagra opera\u00e7\u00e3o contra compra de votos"},"content":{"rendered":"<p data-start=\"241\" data-end=\"412\"><strong data-start=\"241\" data-end=\"255\">Macei\u00f3\/AL.<\/strong> A Pol\u00edcia Federal deflagrou a Opera\u00e7\u00e3o Voto Limpo com o objetivo de apurar a pr\u00e1tica de compra de votos no munic\u00edpio de Vi\u00e7osa\/AL.<\/p>\n<p data-start=\"414\" data-end=\"718\">As investiga\u00e7\u00f5es come\u00e7aram ap\u00f3s a veicula\u00e7\u00e3o de um v\u00eddeo que mostrava a oferta expl\u00edcita de dinheiro em troca de votos para um candidato \u00e0 prefeitura do munic\u00edpio, atualmente reeleito. O material tamb\u00e9m orientava os benefici\u00e1rios a trocarem adesivos de ve\u00edculos e manifestarem apoio p\u00fablico ao candidato.<\/p>\n<p data-start=\"720\" data-end=\"861\">Durante a apura\u00e7\u00e3o, foram produzidos laudos periciais e realizadas dilig\u00eancias de campo que permitiram a identifica\u00e7\u00e3o do principal suspeito.<\/p>\n<p data-start=\"863\" data-end=\"947\">N\u00e3o h\u00e1 ind\u00edcios de participa\u00e7\u00e3o do prefeito do munic\u00edpio nos fatos investigados.<\/p>\n<p data-start=\"949\" data-end=\"1044\">Foi cumprido um mandado de busca e apreens\u00e3o. O material apreendido ser\u00e1 encaminhado \u00e0 per\u00edcia.<\/p>\n<p data-start=\"1046\" data-end=\"1199\">A Opera\u00e7\u00e3o Voto Limpo refor\u00e7a o compromisso da Pol\u00edcia Federal com a lisura do processo eleitoral e o combate a pr\u00e1ticas que atentam contra a democracia.<\/p>\n<p data-start=\"1180\" data-end=\"1272\"><em>Comunica\u00e7\u00e3o Social da Pol\u00edcia Federal em Macei\u00f3\/AL<\/em><\/p>\n","protected":false},"excerpt":{"rendered":"<p>Macei\u00f3\/AL. A Pol\u00edcia Federal deflagrou a Opera\u00e7\u00e3o Voto Limpo com o objetivo de apurar a pr\u00e1tica de compra de votos no munic\u00edpio de Vi\u00e7osa\/AL. As investiga\u00e7\u00f5es come\u00e7aram ap\u00f3s a veicula\u00e7\u00e3o de um v\u00eddeo que mostrava a oferta expl\u00edcita de dinheiro em troca de votos para um candidato \u00e0 prefeitura do munic\u00edpio, atualmente reeleito. O material &hellip;<\/p>\n","protected":false},"author":1,"featured_media":111803,"comment_status":"open","ping_status":"open","sticky":false,"template":"","format":"standard","meta":{"footnotes":""},"categories":[13],"tags":[],"class_list":["post-135373","post","type-post","status-publish","format-standard","has-post-thumbnail","hentry","category-policial"],"_links":{"self":[{"href":"https:\/\/iparaiba.com.br\/index.php\/wp-json\/wp\/v2\/posts\/135373","targetHints":{"allow":["GET"]}}],"collection":[{"href":"https:\/\/iparaiba.com.br\/index.php\/wp-json\/wp\/v2\/posts"}],"about":[{"href":"https:\/\/iparaiba.com.br\/index.php\/wp-json\/wp\/v2\/types\/post"}],"author":[{"embeddable":true,"href":"https:\/\/iparaiba.com.br\/index.php\/wp-json\/wp\/v2\/users\/1"}],"replies":[{"embeddable":true,"href":"https:\/\/iparaiba.com.br\/index.php\/wp-json\/wp\/v2\/comments?post=135373"}],"version-history":[{"count":1,"href":"https:\/\/iparaiba.com.br\/index.php\/wp-json\/wp\/v2\/posts\/135373\/revisions"}],"predecessor-version":[{"id":135400,"href":"https:\/\/iparaiba.com.br\/index.php\/wp-json\/wp\/v2\/posts\/135373\/revisions\/135400"}],"wp:featuredmedia":[{"embeddable":true,"href":"https:\/\/iparaiba.com.br\/index.php\/wp-json\/wp\/v2\/media\/111803"}],"wp:attachment":[{"href":"https:\/\/iparaiba.com.br\/index.php\/wp-json\/wp\/v2\/media?parent=135373"}],"wp:term":[{"taxonomy":"category","embeddable":true,"href":"https:\/\/iparaiba.com.br\/index.php\/wp-json\/wp\/v2\/categories?post=135373"},{"taxonomy":"post_tag","embeddable":true,"href":"https:\/\/iparaiba.com.br\/index.php\/wp-json\/wp\/v2\/tags?post=135373"}],"curies":[{"name":"wp","href":"https:\/\/api.w.org\/{rel}","templated":true}]}}