{"id":135371,"date":"2025-07-11T15:00:22","date_gmt":"2025-07-11T18:00:22","guid":{"rendered":"https:\/\/onordeste.com.br\/?p=135371"},"modified":"2025-07-11T15:00:22","modified_gmt":"2025-07-11T18:00:22","slug":"pf-encerra-atividade-de-seguranca-privada-irregular","status":"publish","type":"post","link":"https:\/\/iparaiba.com.br\/index.php\/2025\/07\/11\/pf-encerra-atividade-de-seguranca-privada-irregular\/","title":{"rendered":"PF encerra atividade de seguran\u00e7a privada irregular"},"content":{"rendered":"<p><strong>Serra\/ES. <\/strong>A Pol\u00edcia Federal deflagrou a Opera\u00e7\u00e3o Seguran\u00e7a em Foco no munic\u00edpio da Serra\/ES, com o objetivo de fiscalizar e combater empresas clandestinas de seguran\u00e7a privada durante a Feira dos Munic\u00edpios, evento que celebra a hist\u00f3ria e tradi\u00e7\u00e3o dos 78 munic\u00edpios capixabas.<\/p>\n<p>Durante a a\u00e7\u00e3o, policiais federais constataram que uma empresa prestava servi\u00e7os de seguran\u00e7a privada no pavilh\u00e3o de Carapina sem autoriza\u00e7\u00e3o da Pol\u00edcia Federal. Como resultado, foi lavrado auto de encerramento da atividade, devido \u00e0 presen\u00e7a de 13 vigilantes irregulares atuando no local.<\/p>\n<p>A Pol\u00edcia Federal tem intensificado o combate \u00e0s empresas clandestinas no Esp\u00edrito Santo, tendo encerrado 45 empresas n\u00e3o autorizadas em 2024 e mais 16 somente neste ano. A contrata\u00e7\u00e3o de servi\u00e7os clandestinos de seguran\u00e7a privada representa risco \u00e0 integridade f\u00edsica das pessoas e ao patrim\u00f4nio dos contratantes, pois esses profissionais n\u00e3o passam pelo controle da Pol\u00edcia Federal quanto a antecedentes criminais, forma\u00e7\u00e3o, aptid\u00e3o f\u00edsica e psicol\u00f3gica. Al\u00e9m disso, tais empresas n\u00e3o cumprem os requisitos legais m\u00ednimos para funcionamento.<\/p>\n<p>No Brasil, somente empresas de seguran\u00e7a privada autorizadas pela Pol\u00edcia Federal podem prestar servi\u00e7os e contratar vigilantes.<b>\u00a0<\/b><\/p>\n<p><em>Comunica\u00e7\u00e3o Social da Pol\u00edcia Federal no Esp\u00edrito Santo<\/em><\/p>\n","protected":false},"excerpt":{"rendered":"<p>Serra\/ES. A Pol\u00edcia Federal deflagrou a Opera\u00e7\u00e3o Seguran\u00e7a em Foco no munic\u00edpio da Serra\/ES, com o objetivo de fiscalizar e combater empresas clandestinas de seguran\u00e7a privada durante a Feira dos Munic\u00edpios, evento que celebra a hist\u00f3ria e tradi\u00e7\u00e3o dos 78 munic\u00edpios capixabas. Durante a a\u00e7\u00e3o, policiais federais constataram que uma empresa prestava servi\u00e7os de seguran\u00e7a &hellip;<\/p>\n","protected":false},"author":1,"featured_media":119151,"comment_status":"open","ping_status":"open","sticky":false,"template":"","format":"standard","meta":{"footnotes":""},"categories":[13],"tags":[],"class_list":["post-135371","post","type-post","status-publish","format-standard","has-post-thumbnail","hentry","category-policial"],"_links":{"self":[{"href":"https:\/\/iparaiba.com.br\/index.php\/wp-json\/wp\/v2\/posts\/135371","targetHints":{"allow":["GET"]}}],"collection":[{"href":"https:\/\/iparaiba.com.br\/index.php\/wp-json\/wp\/v2\/posts"}],"about":[{"href":"https:\/\/iparaiba.com.br\/index.php\/wp-json\/wp\/v2\/types\/post"}],"author":[{"embeddable":true,"href":"https:\/\/iparaiba.com.br\/index.php\/wp-json\/wp\/v2\/users\/1"}],"replies":[{"embeddable":true,"href":"https:\/\/iparaiba.com.br\/index.php\/wp-json\/wp\/v2\/comments?post=135371"}],"version-history":[{"count":1,"href":"https:\/\/iparaiba.com.br\/index.php\/wp-json\/wp\/v2\/posts\/135371\/revisions"}],"predecessor-version":[{"id":135399,"href":"https:\/\/iparaiba.com.br\/index.php\/wp-json\/wp\/v2\/posts\/135371\/revisions\/135399"}],"wp:featuredmedia":[{"embeddable":true,"href":"https:\/\/iparaiba.com.br\/index.php\/wp-json\/wp\/v2\/media\/119151"}],"wp:attachment":[{"href":"https:\/\/iparaiba.com.br\/index.php\/wp-json\/wp\/v2\/media?parent=135371"}],"wp:term":[{"taxonomy":"category","embeddable":true,"href":"https:\/\/iparaiba.com.br\/index.php\/wp-json\/wp\/v2\/categories?post=135371"},{"taxonomy":"post_tag","embeddable":true,"href":"https:\/\/iparaiba.com.br\/index.php\/wp-json\/wp\/v2\/tags?post=135371"}],"curies":[{"name":"wp","href":"https:\/\/api.w.org\/{rel}","templated":true}]}}