{"id":135369,"date":"2025-07-11T13:00:06","date_gmt":"2025-07-11T16:00:06","guid":{"rendered":"https:\/\/onordeste.com.br\/?p=135369"},"modified":"2025-07-11T13:00:06","modified_gmt":"2025-07-11T16:00:06","slug":"validade-de-documentos-do-exercito-brasileiro-para-cacs-e-mantida","status":"publish","type":"post","link":"https:\/\/iparaiba.com.br\/index.php\/2025\/07\/11\/validade-de-documentos-do-exercito-brasileiro-para-cacs-e-mantida\/","title":{"rendered":"Validade de documentos do Ex\u00e9rcito Brasileiro para CACs \u00e9 mantida"},"content":{"rendered":"<p><strong>Bras\u00edlia\/DF.<\/strong>\u00a0A Pol\u00edcia Federal informa que todos os documentos expedidos pelo Ex\u00e9rcito Brasileiro no exerc\u00edcio das atividades de fiscaliza\u00e7\u00e3o de CACs (ca\u00e7adores, atiradores e colecionadores) permanecem v\u00e1lidos, incluindo as guias de tr\u00e1fego.<\/p>\n<p>Orienta\u00e7\u00f5es adicionais e eventuais atualiza\u00e7\u00f5es ser\u00e3o divulgadas oportunamente pelos canais oficiais da Pol\u00edcia Federal.<\/p>\n<p>Em caso de d\u00favidas, entre em contato pelo e-mail: suporte.darm.dpa@pf.gov.br<\/p>\n<p><em>Coordena\u00e7\u00e3o-Geral de Comunica\u00e7\u00e3o Social<\/em><\/p>\n","protected":false},"excerpt":{"rendered":"<p>Bras\u00edlia\/DF.\u00a0A Pol\u00edcia Federal informa que todos os documentos expedidos pelo Ex\u00e9rcito Brasileiro no exerc\u00edcio das atividades de fiscaliza\u00e7\u00e3o de CACs (ca\u00e7adores, atiradores e colecionadores) permanecem v\u00e1lidos, incluindo as guias de tr\u00e1fego. Orienta\u00e7\u00f5es adicionais e eventuais atualiza\u00e7\u00f5es ser\u00e3o divulgadas oportunamente pelos canais oficiais da Pol\u00edcia Federal. Em caso de d\u00favidas, entre em contato pelo e-mail: suporte.darm.dpa@pf.gov.br &hellip;<\/p>\n","protected":false},"author":1,"featured_media":98035,"comment_status":"open","ping_status":"open","sticky":false,"template":"","format":"standard","meta":{"footnotes":""},"categories":[13],"tags":[],"class_list":["post-135369","post","type-post","status-publish","format-standard","has-post-thumbnail","hentry","category-policial"],"_links":{"self":[{"href":"https:\/\/iparaiba.com.br\/index.php\/wp-json\/wp\/v2\/posts\/135369","targetHints":{"allow":["GET"]}}],"collection":[{"href":"https:\/\/iparaiba.com.br\/index.php\/wp-json\/wp\/v2\/posts"}],"about":[{"href":"https:\/\/iparaiba.com.br\/index.php\/wp-json\/wp\/v2\/types\/post"}],"author":[{"embeddable":true,"href":"https:\/\/iparaiba.com.br\/index.php\/wp-json\/wp\/v2\/users\/1"}],"replies":[{"embeddable":true,"href":"https:\/\/iparaiba.com.br\/index.php\/wp-json\/wp\/v2\/comments?post=135369"}],"version-history":[{"count":1,"href":"https:\/\/iparaiba.com.br\/index.php\/wp-json\/wp\/v2\/posts\/135369\/revisions"}],"predecessor-version":[{"id":135398,"href":"https:\/\/iparaiba.com.br\/index.php\/wp-json\/wp\/v2\/posts\/135369\/revisions\/135398"}],"wp:featuredmedia":[{"embeddable":true,"href":"https:\/\/iparaiba.com.br\/index.php\/wp-json\/wp\/v2\/media\/98035"}],"wp:attachment":[{"href":"https:\/\/iparaiba.com.br\/index.php\/wp-json\/wp\/v2\/media?parent=135369"}],"wp:term":[{"taxonomy":"category","embeddable":true,"href":"https:\/\/iparaiba.com.br\/index.php\/wp-json\/wp\/v2\/categories?post=135369"},{"taxonomy":"post_tag","embeddable":true,"href":"https:\/\/iparaiba.com.br\/index.php\/wp-json\/wp\/v2\/tags?post=135369"}],"curies":[{"name":"wp","href":"https:\/\/api.w.org\/{rel}","templated":true}]}}