{"id":135365,"date":"2025-07-11T08:00:16","date_gmt":"2025-07-11T11:00:16","guid":{"rendered":"https:\/\/onordeste.com.br\/?p=135365"},"modified":"2025-07-11T08:00:16","modified_gmt":"2025-07-11T11:00:16","slug":"epc-doa-agasalhos-a-instituicoes-que-atendem-pessoas-em-situacao-de-rua","status":"publish","type":"post","link":"https:\/\/iparaiba.com.br\/index.php\/2025\/07\/11\/epc-doa-agasalhos-a-instituicoes-que-atendem-pessoas-em-situacao-de-rua\/","title":{"rendered":"EPC doa agasalhos a institui\u00e7\u00f5es que atendem pessoas em situa\u00e7\u00e3o de rua"},"content":{"rendered":"<p style=\"text-align: left;\" align=\"center\">A Empresa Paraibana de Comunica\u00e7\u00e3o (EPC) realizou a entrega de 182 pe\u00e7as de vestu\u00e1rio, em sua maioria agasalhos, \u00e0 Ouvidoria da Defensoria P\u00fablica do Estado da Para\u00edba. A parceria visa a doa\u00e7\u00e3o a institui\u00e7\u00f5es que atendem pessoas em situa\u00e7\u00e3o de rua em Jo\u00e3o Pessoa, para ajudar a enfrentar o frio durante o inverno.<\/p>\n<p>Entre as arrecada\u00e7\u00f5es feitas nas duas sedes da EPC, na R\u00e1dio Tabajara e Jornal A Uni\u00e3o, est\u00e3o cobertores, len\u00e7ois, toalhas, roupas e cal\u00e7ados femininos e masculinos para adultos e crian\u00e7as. A diretora-presidente da EPC, Nan\u00e1 Garcez, contou que a empresa faz tr\u00eas campanhas de doa\u00e7\u00e3o por ano: a de agasalhos para o inverno, brinquedos para o Dia das Crian\u00e7as, e de alimentos para o Natal.<\/p>\n<p>\u201cO objetivo principal \u00e9 ajudar pessoas em situa\u00e7\u00e3o de rua, que durante o inverno ficam mais vulner\u00e1veis. \u00c9 uma das a\u00e7\u00f5es de responsabilidade social e solid\u00e1ria que a EPC realiza anualmente, e n\u00e3o posso deixar de agradecer aos colaboradores da empresa que realizam as doa\u00e7\u00f5es, e a parceria com a Defensoria P\u00fablica\u201d, disse Garcez.<\/p>\n<p>Inise Machado, ouvidora da Defensoria que organiza as doa\u00e7\u00f5es, disse que o material ser\u00e1 entregue \u00e0s institui\u00e7\u00f5es o quanto antes, e que essa articula\u00e7\u00e3o \u00e9 feita em conjunto com a Secretaria de Diretos Humanos e Cidadania de Jo\u00e3o Pessoa. \u201cJ\u00e1 faz alguns anos que temos a iniciativa de fazer as campanhas, inclusive com outras a\u00e7\u00f5es como a solicita\u00e7\u00e3o de albergues noturnos, fazendo conv\u00eanios com outras casas, com um olhar n\u00e3o s\u00f3 da caridade, mas de pol\u00edticas p\u00fablicas vi\u00e1veis para eles. E a EPC est\u00e1 dando uma demonstra\u00e7\u00e3o inequ\u00edvoca de que tem sensibilidade com a quest\u00e3o, tem essa vis\u00e3o futurista de organizar a cidade, de tratar as pessoas com toda a dignidade que elas merecem\u201d, destacou Inise.<\/p>\n","protected":false},"excerpt":{"rendered":"<p>A Empresa Paraibana de Comunica\u00e7\u00e3o (EPC) realizou a entrega de 182 pe\u00e7as de vestu\u00e1rio, em sua maioria agasalhos, \u00e0 Ouvidoria da Defensoria P\u00fablica do Estado da Para\u00edba. A parceria visa a doa\u00e7\u00e3o a institui\u00e7\u00f5es que atendem pessoas em situa\u00e7\u00e3o de rua em Jo\u00e3o Pessoa, para ajudar a enfrentar o frio durante o inverno. Entre as &hellip;<\/p>\n","protected":false},"author":1,"featured_media":113914,"comment_status":"open","ping_status":"open","sticky":false,"template":"","format":"standard","meta":{"footnotes":""},"categories":[15],"tags":[],"class_list":["post-135365","post","type-post","status-publish","format-standard","has-post-thumbnail","hentry","category-links"],"_links":{"self":[{"href":"https:\/\/iparaiba.com.br\/index.php\/wp-json\/wp\/v2\/posts\/135365","targetHints":{"allow":["GET"]}}],"collection":[{"href":"https:\/\/iparaiba.com.br\/index.php\/wp-json\/wp\/v2\/posts"}],"about":[{"href":"https:\/\/iparaiba.com.br\/index.php\/wp-json\/wp\/v2\/types\/post"}],"author":[{"embeddable":true,"href":"https:\/\/iparaiba.com.br\/index.php\/wp-json\/wp\/v2\/users\/1"}],"replies":[{"embeddable":true,"href":"https:\/\/iparaiba.com.br\/index.php\/wp-json\/wp\/v2\/comments?post=135365"}],"version-history":[{"count":1,"href":"https:\/\/iparaiba.com.br\/index.php\/wp-json\/wp\/v2\/posts\/135365\/revisions"}],"predecessor-version":[{"id":135396,"href":"https:\/\/iparaiba.com.br\/index.php\/wp-json\/wp\/v2\/posts\/135365\/revisions\/135396"}],"wp:featuredmedia":[{"embeddable":true,"href":"https:\/\/iparaiba.com.br\/index.php\/wp-json\/wp\/v2\/media\/113914"}],"wp:attachment":[{"href":"https:\/\/iparaiba.com.br\/index.php\/wp-json\/wp\/v2\/media?parent=135365"}],"wp:term":[{"taxonomy":"category","embeddable":true,"href":"https:\/\/iparaiba.com.br\/index.php\/wp-json\/wp\/v2\/categories?post=135365"},{"taxonomy":"post_tag","embeddable":true,"href":"https:\/\/iparaiba.com.br\/index.php\/wp-json\/wp\/v2\/tags?post=135365"}],"curies":[{"name":"wp","href":"https:\/\/api.w.org\/{rel}","templated":true}]}}