{"id":135363,"date":"2025-07-11T06:00:03","date_gmt":"2025-07-11T09:00:03","guid":{"rendered":"https:\/\/onordeste.com.br\/?p=135363"},"modified":"2025-07-11T06:00:03","modified_gmt":"2025-07-11T09:00:03","slug":"boletim-constata-reducao-no-numero-de-casos-de-sifilis-congenita","status":"publish","type":"post","link":"https:\/\/iparaiba.com.br\/index.php\/2025\/07\/11\/boletim-constata-reducao-no-numero-de-casos-de-sifilis-congenita\/","title":{"rendered":"Boletim constata redu\u00e7\u00e3o no n\u00famero de casos de s\u00edfilis cong\u00eanita"},"content":{"rendered":"<p style=\"text-align: left;\" align=\"center\">A Secretaria de Estado da Sa\u00fade (SES), por meio da Ger\u00eancia Executiva de Vigil\u00e2ncia em Sa\u00fade e do N\u00facleo de IST\/Aids, divulgou o boletim epidemiol\u00f3gico da s\u00edfilis, referente ao primeiro semestre de 2025, no qual foi registrada redu\u00e7\u00e3o no n\u00famero de casos de s\u00edfilis cong\u00eanita (transmitida da m\u00e3e para o beb\u00ea durante a gravidez) e em gestantes. Foram 94 casos notificados de s\u00edfilis cong\u00eanita, entre janeiro e junho de 2025, o que corresponde a uma redu\u00e7\u00e3o de 113 casos em rela\u00e7\u00e3o ao mesmo per\u00edodo de 2024, quando foram registrados 207 casos.<\/p>\n<p>De acordo com o boletim, a taxa de incid\u00eancia, que era de 9,5%, passou para 4,4% em 2025. Quanto \u00e0 s\u00edfilis em gestantes, foram registrados 459 casos. Em 2024, no mesmo per\u00edodo, foram 501. No que diz respeito \u00e0 s\u00edfilis adquirida houve um aumento. No boletim de 2025 foram registrados 1.246 casos e, no ano passado, 1.104.<\/p>\n<p>O diagn\u00f3stico e tratamento precoce da s\u00edfilis na gestante s\u00e3o cruciais para prevenir a s\u00edfilis cong\u00eanita (transmitida para o beb\u00ea), que pode causar graves problemas de sa\u00fade no beb\u00ea, incluindo aborto espont\u00e2neo, natimorto, baixo peso ao nascer, problemas \u00f3sseos, neurol\u00f3gicos e de desenvolvimento.\u00a0O tratamento adequado da gestante com s\u00edfilis reduz significativamente o risco de transmiss\u00e3o para o beb\u00ea.<\/p>\n","protected":false},"excerpt":{"rendered":"<p>A Secretaria de Estado da Sa\u00fade (SES), por meio da Ger\u00eancia Executiva de Vigil\u00e2ncia em Sa\u00fade e do N\u00facleo de IST\/Aids, divulgou o boletim epidemiol\u00f3gico da s\u00edfilis, referente ao primeiro semestre de 2025, no qual foi registrada redu\u00e7\u00e3o no n\u00famero de casos de s\u00edfilis cong\u00eanita (transmitida da m\u00e3e para o beb\u00ea durante a gravidez) e &hellip;<\/p>\n","protected":false},"author":1,"featured_media":106247,"comment_status":"open","ping_status":"open","sticky":false,"template":"","format":"standard","meta":{"footnotes":""},"categories":[2],"tags":[],"class_list":["post-135363","post","type-post","status-publish","format-standard","has-post-thumbnail","hentry","category-saude"],"_links":{"self":[{"href":"https:\/\/iparaiba.com.br\/index.php\/wp-json\/wp\/v2\/posts\/135363","targetHints":{"allow":["GET"]}}],"collection":[{"href":"https:\/\/iparaiba.com.br\/index.php\/wp-json\/wp\/v2\/posts"}],"about":[{"href":"https:\/\/iparaiba.com.br\/index.php\/wp-json\/wp\/v2\/types\/post"}],"author":[{"embeddable":true,"href":"https:\/\/iparaiba.com.br\/index.php\/wp-json\/wp\/v2\/users\/1"}],"replies":[{"embeddable":true,"href":"https:\/\/iparaiba.com.br\/index.php\/wp-json\/wp\/v2\/comments?post=135363"}],"version-history":[{"count":1,"href":"https:\/\/iparaiba.com.br\/index.php\/wp-json\/wp\/v2\/posts\/135363\/revisions"}],"predecessor-version":[{"id":135395,"href":"https:\/\/iparaiba.com.br\/index.php\/wp-json\/wp\/v2\/posts\/135363\/revisions\/135395"}],"wp:featuredmedia":[{"embeddable":true,"href":"https:\/\/iparaiba.com.br\/index.php\/wp-json\/wp\/v2\/media\/106247"}],"wp:attachment":[{"href":"https:\/\/iparaiba.com.br\/index.php\/wp-json\/wp\/v2\/media?parent=135363"}],"wp:term":[{"taxonomy":"category","embeddable":true,"href":"https:\/\/iparaiba.com.br\/index.php\/wp-json\/wp\/v2\/categories?post=135363"},{"taxonomy":"post_tag","embeddable":true,"href":"https:\/\/iparaiba.com.br\/index.php\/wp-json\/wp\/v2\/tags?post=135363"}],"curies":[{"name":"wp","href":"https:\/\/api.w.org\/{rel}","templated":true}]}}