{"id":135359,"date":"2025-07-10T16:27:20","date_gmt":"2025-07-10T19:27:20","guid":{"rendered":"https:\/\/onordeste.com.br\/?p=135359"},"modified":"2025-07-10T16:27:20","modified_gmt":"2025-07-10T19:27:20","slug":"azevedo-entrega-novo-sistema-de-iluminacao-do-amigao","status":"publish","type":"post","link":"https:\/\/iparaiba.com.br\/index.php\/2025\/07\/10\/azevedo-entrega-novo-sistema-de-iluminacao-do-amigao\/","title":{"rendered":"Azev\u00eado entrega novo sistema de ilumina\u00e7\u00e3o do Amig\u00e3o"},"content":{"rendered":"<p>O governador Jo\u00e3o Azev\u00eado inaugurou em Campina Grande, o novo sistema de ilumina\u00e7\u00e3o em LED do Est\u00e1dio Amig\u00e3o \u2014 a iniciativa integra um projeto de moderniza\u00e7\u00e3o dos est\u00e1dios Almeid\u00e3o e Amig\u00e3o, que, juntos, receberam investimentos de R$ 2,5 milh\u00f5es e atende uma antiga reivindica\u00e7\u00e3o de torcedores, jogadores e t\u00e9cnicos.<\/p>\n<p>Durante a inaugura\u00e7\u00e3o, Jo\u00e3o Azev\u00eado destacou a import\u00e2ncia do sistema de ilumina\u00e7\u00e3o do Amig\u00e3o. &#8220;Essa era uma espera de muitos anos para que os est\u00e1dios da Para\u00edba tivessem uma ilumina\u00e7\u00e3o digna, que pudesse permitir transmiss\u00f5es da melhor qualidade poss\u00edvel. Hoje tivemos a oportunidade de inaugurar, aqui no Amig\u00e3o, essa ilumina\u00e7\u00e3o, que \u00e9 extraordin\u00e1ria, uma espera de mais de 20 anos para essa conquista&#8221;, disse.<\/p>\n<p>&#8220;Todo mundo lembra que a ilumina\u00e7\u00e3o antiga, quando apagava, passava de 20 a 30 minutos para voltar. E, com esse novo sistema de ilumina\u00e7\u00e3o, isso acabou. A ilumina\u00e7\u00e3o est\u00e1 pronta e agora \u00e9 s\u00f3 jogar&#8221;, acrescentou o governador.<\/p>\n<p>O vice-governador Lucas Ribeiro tamb\u00e9m destacou a import\u00e2ncia da iniciativa para o Est\u00e1dio Amig\u00e3o. &#8220;Essa \u00e9 mais uma forma de a gente fortalecer o futebol paraibano, o futebol de Campina Grande. Com essa ilumina\u00e7\u00e3o, a gente sabe o quanto vai melhorar o Amig\u00e3o \u2014 n\u00e3o apenas o jogo em si, mas tamb\u00e9m para a torcida assistir \u00e0s partidas, assim como tamb\u00e9m para as transmiss\u00f5es que s\u00e3o realizadas aqui. \u00c9 uma s\u00e9rie de melhorias que vem com essa nova ilumina\u00e7\u00e3o&#8221;, observou.<\/p>\n","protected":false},"excerpt":{"rendered":"<p>O governador Jo\u00e3o Azev\u00eado inaugurou em Campina Grande, o novo sistema de ilumina\u00e7\u00e3o em LED do Est\u00e1dio Amig\u00e3o \u2014 a iniciativa integra um projeto de moderniza\u00e7\u00e3o dos est\u00e1dios Almeid\u00e3o e Amig\u00e3o, que, juntos, receberam investimentos de R$ 2,5 milh\u00f5es e atende uma antiga reivindica\u00e7\u00e3o de torcedores, jogadores e t\u00e9cnicos. Durante a inaugura\u00e7\u00e3o, Jo\u00e3o Azev\u00eado destacou &hellip;<\/p>\n","protected":false},"author":1,"featured_media":97589,"comment_status":"open","ping_status":"open","sticky":false,"template":"","format":"standard","meta":{"footnotes":""},"categories":[3],"tags":[],"class_list":["post-135359","post","type-post","status-publish","format-standard","has-post-thumbnail","hentry","category-nordeste"],"_links":{"self":[{"href":"https:\/\/iparaiba.com.br\/index.php\/wp-json\/wp\/v2\/posts\/135359","targetHints":{"allow":["GET"]}}],"collection":[{"href":"https:\/\/iparaiba.com.br\/index.php\/wp-json\/wp\/v2\/posts"}],"about":[{"href":"https:\/\/iparaiba.com.br\/index.php\/wp-json\/wp\/v2\/types\/post"}],"author":[{"embeddable":true,"href":"https:\/\/iparaiba.com.br\/index.php\/wp-json\/wp\/v2\/users\/1"}],"replies":[{"embeddable":true,"href":"https:\/\/iparaiba.com.br\/index.php\/wp-json\/wp\/v2\/comments?post=135359"}],"version-history":[{"count":1,"href":"https:\/\/iparaiba.com.br\/index.php\/wp-json\/wp\/v2\/posts\/135359\/revisions"}],"predecessor-version":[{"id":135393,"href":"https:\/\/iparaiba.com.br\/index.php\/wp-json\/wp\/v2\/posts\/135359\/revisions\/135393"}],"wp:featuredmedia":[{"embeddable":true,"href":"https:\/\/iparaiba.com.br\/index.php\/wp-json\/wp\/v2\/media\/97589"}],"wp:attachment":[{"href":"https:\/\/iparaiba.com.br\/index.php\/wp-json\/wp\/v2\/media?parent=135359"}],"wp:term":[{"taxonomy":"category","embeddable":true,"href":"https:\/\/iparaiba.com.br\/index.php\/wp-json\/wp\/v2\/categories?post=135359"},{"taxonomy":"post_tag","embeddable":true,"href":"https:\/\/iparaiba.com.br\/index.php\/wp-json\/wp\/v2\/tags?post=135359"}],"curies":[{"name":"wp","href":"https:\/\/api.w.org\/{rel}","templated":true}]}}