{"id":135355,"date":"2025-07-10T12:00:24","date_gmt":"2025-07-10T15:00:24","guid":{"rendered":"https:\/\/onordeste.com.br\/?p=135355"},"modified":"2025-07-10T12:00:24","modified_gmt":"2025-07-10T15:00:24","slug":"lucas-ribeiro-prestigia-posse-de-dom-francisco-gabriel-como-novo-bispo","status":"publish","type":"post","link":"https:\/\/iparaiba.com.br\/index.php\/2025\/07\/10\/lucas-ribeiro-prestigia-posse-de-dom-francisco-gabriel-como-novo-bispo\/","title":{"rendered":"Lucas Ribeiro prestigia posse de Dom Francisco Gabriel como novo bispo"},"content":{"rendered":"<p>O vice-governador da Para\u00edba, Lucas Ribeiro, representou o governador Jo\u00e3o Azev\u00eado, neste s\u00e1bado (5), em Cajazeiras, durante a recep\u00e7\u00e3o e posse can\u00f4nica do novo bispo da Diocese, Dom Francisco Gabriel dos Santos. A solenidade religiosa marcou o in\u00edcio do episcopado do 9\u00ba bispo diocesano da cidade sertaneja, reunindo centenas de fi\u00e9is e diversas autoridades religiosas e pol\u00edticas.<\/p>\n<p>A programa\u00e7\u00e3o teve in\u00edcio com a acolhida ao novo bispo no Bairro dos Rem\u00e9dios, com deslocamento em carro aberto at\u00e9 a Catedral de Nossa Senhora da Piedade. A cerim\u00f4nia seguiu com a posse can\u00f4nica dentro da Catedral e missa campal celebrada na Avenida Juv\u00eancio Carneiro.<\/p>\n<p>Lucas Ribeiro destacou a import\u00e2ncia do momento para o Alto Sert\u00e3o e reiterou o compromisso do Governo do Estado com as a\u00e7\u00f5es da Igreja Cat\u00f3lica na Para\u00edba. \u201cRepresentando o governador Jo\u00e3o Azev\u00eado, trago as boas-vindas ao novo bispo e refor\u00e7o a disposi\u00e7\u00e3o do Governo da Para\u00edba em colaborar com a Igreja, que tem um papel fundamental na promo\u00e7\u00e3o da paz, da solidariedade e da justi\u00e7a social\u201d, afirmou o vice-governador.<\/p>\n<p>Natural da cidade de Esperan\u00e7a, Dom Francisco Gabriel chega \u00e0 Diocese de Cajazeiras ap\u00f3s ter atuado como bispo diocesano na cidade de Campo Maior, no estado do Piau\u00ed. Ele foi uma das \u00faltimas nomea\u00e7\u00f5es do Papa Francisco. Em sua fala, o novo bispo agradeceu a calorosa recep\u00e7\u00e3o e enfatizou a miss\u00e3o de conduzir a diocese com uni\u00e3o entre povo e clero. \u201cEu sei da for\u00e7a da Igreja Cat\u00f3lica, sei da responsabilidade do bispo diocesano, mas o Papa Francisco nos ensinou que o nosso caminho \u00e9 sinodal, n\u00f3s vamos caminhar juntos, o bispo e o povo\u201d, declarou.<\/p>\n<p>Tamb\u00e9m participaram da posse o arcebispo metropolitano da Para\u00edba, Dom Frei Manoel Delson, a prefeita de Cajazeiras, Corrinha Delfino, e o deputado estadual Chico Mendes. A agenda do novo bispo em Cajazeiras seguir\u00e1 nos pr\u00f3ximos dias com a primeira missa na Catedral neste domingo (6) e outros encontros pastorais ao longo das pr\u00f3ximas semanas.<\/p>\n","protected":false},"excerpt":{"rendered":"<p>O vice-governador da Para\u00edba, Lucas Ribeiro, representou o governador Jo\u00e3o Azev\u00eado, neste s\u00e1bado (5), em Cajazeiras, durante a recep\u00e7\u00e3o e posse can\u00f4nica do novo bispo da Diocese, Dom Francisco Gabriel dos Santos. A solenidade religiosa marcou o in\u00edcio do episcopado do 9\u00ba bispo diocesano da cidade sertaneja, reunindo centenas de fi\u00e9is e diversas autoridades religiosas &hellip;<\/p>\n","protected":false},"author":1,"featured_media":101259,"comment_status":"open","ping_status":"open","sticky":false,"template":"","format":"standard","meta":{"footnotes":""},"categories":[15],"tags":[],"class_list":["post-135355","post","type-post","status-publish","format-standard","has-post-thumbnail","hentry","category-links"],"_links":{"self":[{"href":"https:\/\/iparaiba.com.br\/index.php\/wp-json\/wp\/v2\/posts\/135355","targetHints":{"allow":["GET"]}}],"collection":[{"href":"https:\/\/iparaiba.com.br\/index.php\/wp-json\/wp\/v2\/posts"}],"about":[{"href":"https:\/\/iparaiba.com.br\/index.php\/wp-json\/wp\/v2\/types\/post"}],"author":[{"embeddable":true,"href":"https:\/\/iparaiba.com.br\/index.php\/wp-json\/wp\/v2\/users\/1"}],"replies":[{"embeddable":true,"href":"https:\/\/iparaiba.com.br\/index.php\/wp-json\/wp\/v2\/comments?post=135355"}],"version-history":[{"count":1,"href":"https:\/\/iparaiba.com.br\/index.php\/wp-json\/wp\/v2\/posts\/135355\/revisions"}],"predecessor-version":[{"id":135391,"href":"https:\/\/iparaiba.com.br\/index.php\/wp-json\/wp\/v2\/posts\/135355\/revisions\/135391"}],"wp:featuredmedia":[{"embeddable":true,"href":"https:\/\/iparaiba.com.br\/index.php\/wp-json\/wp\/v2\/media\/101259"}],"wp:attachment":[{"href":"https:\/\/iparaiba.com.br\/index.php\/wp-json\/wp\/v2\/media?parent=135355"}],"wp:term":[{"taxonomy":"category","embeddable":true,"href":"https:\/\/iparaiba.com.br\/index.php\/wp-json\/wp\/v2\/categories?post=135355"},{"taxonomy":"post_tag","embeddable":true,"href":"https:\/\/iparaiba.com.br\/index.php\/wp-json\/wp\/v2\/tags?post=135355"}],"curies":[{"name":"wp","href":"https:\/\/api.w.org\/{rel}","templated":true}]}}