{"id":135353,"date":"2025-07-10T10:00:25","date_gmt":"2025-07-10T13:00:25","guid":{"rendered":"https:\/\/onordeste.com.br\/?p=135353"},"modified":"2025-07-10T10:00:25","modified_gmt":"2025-07-10T13:00:25","slug":"funesc-seleciona-17-propostas-artisticas-para-compor-programacao-do-agosto-das-letras-2025","status":"publish","type":"post","link":"https:\/\/iparaiba.com.br\/index.php\/2025\/07\/10\/funesc-seleciona-17-propostas-artisticas-para-compor-programacao-do-agosto-das-letras-2025\/","title":{"rendered":"Funesc seleciona 17 propostas art\u00edsticas para compor programa\u00e7\u00e3o do Agosto das Letras 2025"},"content":{"rendered":"<p align=\"justify\">AFunda\u00e7\u00e3o Espa\u00e7o cultural da Para\u00edba lan\u00e7a, nesta ter\u00e7a-feira (8), o edital de sele\u00e7\u00e3o de atividades art\u00edsticas para o projeto liter\u00e1rio \u2018Agosto das Letras 2025\u2019. Ser\u00e3o selecionadas 17 propostas para compor a programa\u00e7\u00e3o do evento, sendo quatro conta\u00e7\u00f5es de hist\u00f3rias, quatro saraus, tr\u00eas viv\u00eancias liter\u00e1rias, quatro viv\u00eancias de hist\u00f3rias em quadrinhos e duas viv\u00eancias em cordel ou cultura popular.<\/p>\n<p align=\"justify\">O per\u00edodo de inscri\u00e7\u00f5es come\u00e7a nesta ter\u00e7a-feira (8) e se estende at\u00e9 22 de julho, exclusivamente on-line, pelo site www.funesc.pb.gov.br. Este ano, o projeto passar\u00e1 pelas cidades de Caturit\u00e9, Araruna, Aparecida e Monteiro. Toda a programa\u00e7\u00e3o ser\u00e1 realizada no per\u00edodo de 6 a 29 de agosto, incluindo tamb\u00e9m o Quadrinhos Intuados.<\/p>\n<p align=\"justify\">O valor de cach\u00ea para as propostas de conta\u00e7\u00e3o de hist\u00f3rias e de sarau selecionadas \u00e9 de R$ 2,3 mil; para cada viv\u00eancia liter\u00e1ria, de cordel, cultura popular e de HQ, a remunera\u00e7\u00e3o \u00e9 de R$ 2,4 mil.<\/p>\n<p align=\"justify\">Podem se inscrever neste Edital pessoas f\u00edsicas maiores de 18 anos e pessoas jur\u00eddicas (Microempreendedor Individual &#8211; MEI) ou Pessoa jur\u00eddica, com CNAE (Classifica\u00e7\u00e3o Nacional de Atividades Econ\u00f4micas) compat\u00edvel com atividades art\u00edstico-culturais, com e sem fins lucrativos, de natureza cultural, residentes ou sediadas no estado da Para\u00edba. Ao se inscrever, o proponente dever\u00e1 selecionar a cidade, observando o cronograma destinado a cada local.<\/p>\n<p align=\"justify\">O processo de sele\u00e7\u00e3o ser\u00e1 realizado por uma comiss\u00e3o composta por, no m\u00ednimo, tr\u00eas pessoas, incluindo representantes da Funesc e de institui\u00e7\u00f5es culturais da administra\u00e7\u00e3o p\u00fablica estadual. As propostas passar\u00e3o pelas etapas de an\u00e1lise documental e de objeto.<\/p>\n<p align=\"justify\">\u00a0<strong>Edital Agosto das Letras + Quadrinhos Intuados 2025<\/strong><\/p>\n<p align=\"justify\">Cidades: Caturit\u00e9, Araruna, Aparecida, Monteiro<\/p>\n<p align=\"justify\">Sele\u00e7\u00e3o de propostas art\u00edsticas<\/p>\n<p align=\"justify\">17 vagas: Conta\u00e7\u00e3o de hist\u00f3rias (4) | Saraus (4) | viv\u00eancias liter\u00e1rias (3) | viv\u00eancias de HQ (4) | viv\u00eancia de cordel e\/ou cultura popular (2)<\/p>\n<p align=\"justify\">Inscri\u00e7\u00f5es 08\/07 a 22\/07<\/p>\n<p align=\"justify\">Edital: funesc.pb.gov.br<\/p>\n<p align=\"justify\">Formul\u00e1rio de inscri\u00e7\u00e3o https:\/\/forms.gle\/3oR9u74HzNdxaGRS9<\/p>\n<p align=\"justify\">D\u00favidas: agostodasletrasfunesc@gmail.com<\/p>\n","protected":false},"excerpt":{"rendered":"<p>AFunda\u00e7\u00e3o Espa\u00e7o cultural da Para\u00edba lan\u00e7a, nesta ter\u00e7a-feira (8), o edital de sele\u00e7\u00e3o de atividades art\u00edsticas para o projeto liter\u00e1rio \u2018Agosto das Letras 2025\u2019. Ser\u00e3o selecionadas 17 propostas para compor a programa\u00e7\u00e3o do evento, sendo quatro conta\u00e7\u00f5es de hist\u00f3rias, quatro saraus, tr\u00eas viv\u00eancias liter\u00e1rias, quatro viv\u00eancias de hist\u00f3rias em quadrinhos e duas viv\u00eancias em cordel &hellip;<\/p>\n","protected":false},"author":1,"featured_media":100143,"comment_status":"open","ping_status":"open","sticky":false,"template":"","format":"standard","meta":{"footnotes":""},"categories":[4],"tags":[],"class_list":["post-135353","post","type-post","status-publish","format-standard","has-post-thumbnail","hentry","category-cultura"],"_links":{"self":[{"href":"https:\/\/iparaiba.com.br\/index.php\/wp-json\/wp\/v2\/posts\/135353","targetHints":{"allow":["GET"]}}],"collection":[{"href":"https:\/\/iparaiba.com.br\/index.php\/wp-json\/wp\/v2\/posts"}],"about":[{"href":"https:\/\/iparaiba.com.br\/index.php\/wp-json\/wp\/v2\/types\/post"}],"author":[{"embeddable":true,"href":"https:\/\/iparaiba.com.br\/index.php\/wp-json\/wp\/v2\/users\/1"}],"replies":[{"embeddable":true,"href":"https:\/\/iparaiba.com.br\/index.php\/wp-json\/wp\/v2\/comments?post=135353"}],"version-history":[{"count":1,"href":"https:\/\/iparaiba.com.br\/index.php\/wp-json\/wp\/v2\/posts\/135353\/revisions"}],"predecessor-version":[{"id":135390,"href":"https:\/\/iparaiba.com.br\/index.php\/wp-json\/wp\/v2\/posts\/135353\/revisions\/135390"}],"wp:featuredmedia":[{"embeddable":true,"href":"https:\/\/iparaiba.com.br\/index.php\/wp-json\/wp\/v2\/media\/100143"}],"wp:attachment":[{"href":"https:\/\/iparaiba.com.br\/index.php\/wp-json\/wp\/v2\/media?parent=135353"}],"wp:term":[{"taxonomy":"category","embeddable":true,"href":"https:\/\/iparaiba.com.br\/index.php\/wp-json\/wp\/v2\/categories?post=135353"},{"taxonomy":"post_tag","embeddable":true,"href":"https:\/\/iparaiba.com.br\/index.php\/wp-json\/wp\/v2\/tags?post=135353"}],"curies":[{"name":"wp","href":"https:\/\/api.w.org\/{rel}","templated":true}]}}