{"id":135349,"date":"2025-07-10T06:00:44","date_gmt":"2025-07-10T09:00:44","guid":{"rendered":"https:\/\/onordeste.com.br\/?p=135349"},"modified":"2025-07-10T06:00:44","modified_gmt":"2025-07-10T09:00:44","slug":"gratuidade-na-energia-comeca-a-valer","status":"publish","type":"post","link":"https:\/\/iparaiba.com.br\/index.php\/2025\/07\/10\/gratuidade-na-energia-comeca-a-valer\/","title":{"rendered":"Gratuidade na energia come\u00e7a a valer"},"content":{"rendered":"<p>Cerca de 60 milh\u00f5es de brasileiros, de todas as Unidades da Federa\u00e7\u00e3o, come\u00e7aram a ser beneficiados no \u00faltimo s\u00e1bado, 5 de julho, pela Tarifa Social de Energia El\u00e9trica, prevista no programa Luz do Povo.<\/p>\n<p>A medida do Governo Federal prev\u00ea que as fam\u00edlias inscritas no Cadastro \u00danico para Programas Sociais (Cad\u00danico), com renda mensal de at\u00e9 meio sal\u00e1rio m\u00ednimo por pessoa, que usarem at\u00e9 80 quilowatts-hora (kWh) por m\u00eas, n\u00e3o pagar\u00e3o pela energia el\u00e9trica consumida. Ser\u00e3o respons\u00e1veis apenas pelas taxas de ilumina\u00e7\u00e3o p\u00fablica e pelo Imposto de Circula\u00e7\u00e3o de Mercadorias e Presta\u00e7\u00e3o de Servi\u00e7os (ICMS), a depender da legisla\u00e7\u00e3o do munic\u00edpio e do estado.<\/p>\n<p><strong><em>Ag\u00eancia Gov<\/em><\/strong><\/p>\n","protected":false},"excerpt":{"rendered":"<p>Cerca de 60 milh\u00f5es de brasileiros, de todas as Unidades da Federa\u00e7\u00e3o, come\u00e7aram a ser beneficiados no \u00faltimo s\u00e1bado, 5 de julho, pela Tarifa Social de Energia El\u00e9trica, prevista no programa Luz do Povo. A medida do Governo Federal prev\u00ea que as fam\u00edlias inscritas no Cadastro \u00danico para Programas Sociais (Cad\u00danico), com renda mensal de &hellip;<\/p>\n","protected":false},"author":1,"featured_media":98836,"comment_status":"open","ping_status":"open","sticky":false,"template":"","format":"standard","meta":{"footnotes":""},"categories":[6],"tags":[],"class_list":["post-135349","post","type-post","status-publish","format-standard","has-post-thumbnail","hentry","category-destaques"],"_links":{"self":[{"href":"https:\/\/iparaiba.com.br\/index.php\/wp-json\/wp\/v2\/posts\/135349","targetHints":{"allow":["GET"]}}],"collection":[{"href":"https:\/\/iparaiba.com.br\/index.php\/wp-json\/wp\/v2\/posts"}],"about":[{"href":"https:\/\/iparaiba.com.br\/index.php\/wp-json\/wp\/v2\/types\/post"}],"author":[{"embeddable":true,"href":"https:\/\/iparaiba.com.br\/index.php\/wp-json\/wp\/v2\/users\/1"}],"replies":[{"embeddable":true,"href":"https:\/\/iparaiba.com.br\/index.php\/wp-json\/wp\/v2\/comments?post=135349"}],"version-history":[{"count":1,"href":"https:\/\/iparaiba.com.br\/index.php\/wp-json\/wp\/v2\/posts\/135349\/revisions"}],"predecessor-version":[{"id":135388,"href":"https:\/\/iparaiba.com.br\/index.php\/wp-json\/wp\/v2\/posts\/135349\/revisions\/135388"}],"wp:featuredmedia":[{"embeddable":true,"href":"https:\/\/iparaiba.com.br\/index.php\/wp-json\/wp\/v2\/media\/98836"}],"wp:attachment":[{"href":"https:\/\/iparaiba.com.br\/index.php\/wp-json\/wp\/v2\/media?parent=135349"}],"wp:term":[{"taxonomy":"category","embeddable":true,"href":"https:\/\/iparaiba.com.br\/index.php\/wp-json\/wp\/v2\/categories?post=135349"},{"taxonomy":"post_tag","embeddable":true,"href":"https:\/\/iparaiba.com.br\/index.php\/wp-json\/wp\/v2\/tags?post=135349"}],"curies":[{"name":"wp","href":"https:\/\/api.w.org\/{rel}","templated":true}]}}