{"id":135347,"date":"2025-07-09T16:09:23","date_gmt":"2025-07-09T19:09:23","guid":{"rendered":"https:\/\/onordeste.com.br\/?p=135345"},"modified":"2025-07-09T16:09:23","modified_gmt":"2025-07-09T19:09:23","slug":"tribunal-lidera-debate-regional-sobre-governanca-na-transicao-energetica","status":"publish","type":"post","link":"https:\/\/iparaiba.com.br\/index.php\/2025\/07\/09\/tribunal-lidera-debate-regional-sobre-governanca-na-transicao-energetica\/","title":{"rendered":"Tribunal lidera debate regional sobre governan\u00e7a na transi\u00e7\u00e3o energ\u00e9tica"},"content":{"rendered":"<p>A governan\u00e7a da transi\u00e7\u00e3o energ\u00e9tica foi o foco da primeira de quatro sess\u00f5es virtuais promovidas pela Comiss\u00e3o de Infraestrutura e Transi\u00e7\u00f5es Energ\u00e9ticas (Coinfra) da Organiza\u00e7\u00e3o Latino-Americana e do Caribe de Institui\u00e7\u00f5es Superiores de Controle (OLACEFS), presidida pelo TCU. Realizado no dia 26 de junho, o encontro reuniu institui\u00e7\u00f5es superiores de controle (ISC) da Am\u00e9rica Latina e especialistas internacionais com o objetivo de\u00a0<strong>fortalecer metodologias de auditoria voltadas ao setor energ\u00e9tico.<\/strong><\/p>\n<p>Durante a sess\u00e3o, representantes das ISC da Costa Rica, Paraguai, Chile e Venezuela compartilharam experi\u00eancias nacionais, desde marcos normativos fragmentados at\u00e9 a integra\u00e7\u00e3o de fontes renov\u00e1veis e a participa\u00e7\u00e3o de atores n\u00e3o estatais. O interc\u00e2mbio refor\u00e7a a\u00a0<strong>coopera\u00e7\u00e3o entre pa\u00edses<\/strong>\u00a0e contribui para o desenvolvimento de capacidades institucionais na \u00e1rea de infraestrutura sustent\u00e1vel.<\/p>\n<h3><strong>Governan\u00e7a como eixo da mudan\u00e7a<\/strong><\/h3>\n<p>Um dos destaques do encontro foi a participa\u00e7\u00e3o de Eduardo Cadena, assessor do secret\u00e1rio-executivo da Organiza\u00e7\u00e3o Latino-Americana de Energia (Olade), que trouxe a vis\u00e3o estrat\u00e9gica sobre os desafios regionais da transi\u00e7\u00e3o energ\u00e9tica. Para Cadena, \u201ca\u00a0<strong>governan\u00e7a \u00e9 o eixo articulador das decis\u00f5es,<\/strong>\u00a0dos investimentos e dos avan\u00e7os\u201d.<\/p>\n<p>O especialista destacou a import\u00e2ncia de marcos regulat\u00f3rios claros, da coordena\u00e7\u00e3o entre institui\u00e7\u00f5es, da participa\u00e7\u00e3o da sociedade civil e do alinhamento entre pol\u00edticas p\u00fablicas. Segundo ele, a aus\u00eancia desses elementos compromete a\u00a0<strong>seguran\u00e7a jur\u00eddica<\/strong>, desestimula investimentos e reduz a efic\u00e1cia das pol\u00edticas energ\u00e9ticas.<\/p>\n<p>Apesar do alto potencial da regi\u00e3o para o aproveitamento de fontes renov\u00e1veis e a gera\u00e7\u00e3o de empregos verdes, o secret\u00e1rio-executivo da Olade alertou que a baixa capacidade institucional e a fragmenta\u00e7\u00e3o das pol\u00edticas ainda representam entraves significativos. \u201cSem uma governan\u00e7a eficaz, a transi\u00e7\u00e3o energ\u00e9tica na Am\u00e9rica Latina n\u00e3o ser\u00e1 vi\u00e1vel\u201d, concluiu.<\/p>\n","protected":false},"excerpt":{"rendered":"<p>A governan\u00e7a da transi\u00e7\u00e3o energ\u00e9tica foi o foco da primeira de quatro sess\u00f5es virtuais promovidas pela Comiss\u00e3o de Infraestrutura e Transi\u00e7\u00f5es Energ\u00e9ticas (Coinfra) da Organiza\u00e7\u00e3o Latino-Americana e do Caribe de Institui\u00e7\u00f5es Superiores de Controle (OLACEFS), presidida pelo TCU. Realizado no dia 26 de junho, o encontro reuniu institui\u00e7\u00f5es superiores de controle (ISC) da Am\u00e9rica Latina &hellip;<\/p>\n","protected":false},"author":1,"featured_media":97655,"comment_status":"open","ping_status":"open","sticky":false,"template":"","format":"standard","meta":{"footnotes":""},"categories":[7],"tags":[],"class_list":["post-135347","post","type-post","status-publish","format-standard","has-post-thumbnail","hentry","category-diversas"],"_links":{"self":[{"href":"https:\/\/iparaiba.com.br\/index.php\/wp-json\/wp\/v2\/posts\/135347","targetHints":{"allow":["GET"]}}],"collection":[{"href":"https:\/\/iparaiba.com.br\/index.php\/wp-json\/wp\/v2\/posts"}],"about":[{"href":"https:\/\/iparaiba.com.br\/index.php\/wp-json\/wp\/v2\/types\/post"}],"author":[{"embeddable":true,"href":"https:\/\/iparaiba.com.br\/index.php\/wp-json\/wp\/v2\/users\/1"}],"replies":[{"embeddable":true,"href":"https:\/\/iparaiba.com.br\/index.php\/wp-json\/wp\/v2\/comments?post=135347"}],"version-history":[{"count":1,"href":"https:\/\/iparaiba.com.br\/index.php\/wp-json\/wp\/v2\/posts\/135347\/revisions"}],"predecessor-version":[{"id":135386,"href":"https:\/\/iparaiba.com.br\/index.php\/wp-json\/wp\/v2\/posts\/135347\/revisions\/135386"}],"wp:featuredmedia":[{"embeddable":true,"href":"https:\/\/iparaiba.com.br\/index.php\/wp-json\/wp\/v2\/media\/97655"}],"wp:attachment":[{"href":"https:\/\/iparaiba.com.br\/index.php\/wp-json\/wp\/v2\/media?parent=135347"}],"wp:term":[{"taxonomy":"category","embeddable":true,"href":"https:\/\/iparaiba.com.br\/index.php\/wp-json\/wp\/v2\/categories?post=135347"},{"taxonomy":"post_tag","embeddable":true,"href":"https:\/\/iparaiba.com.br\/index.php\/wp-json\/wp\/v2\/tags?post=135347"}],"curies":[{"name":"wp","href":"https:\/\/api.w.org\/{rel}","templated":true}]}}