{"id":135346,"date":"2025-07-09T14:08:21","date_gmt":"2025-07-09T17:08:21","guid":{"rendered":"https:\/\/onordeste.com.br\/?p=135343"},"modified":"2025-07-09T14:08:21","modified_gmt":"2025-07-09T17:08:21","slug":"oab-lanca-movimento-nacional-em-favor-da-pacificacao-do-brasil","status":"publish","type":"post","link":"https:\/\/iparaiba.com.br\/index.php\/2025\/07\/09\/oab-lanca-movimento-nacional-em-favor-da-pacificacao-do-brasil\/","title":{"rendered":"OAB lan\u00e7a movimento nacional em favor da pacifica\u00e7\u00e3o do Brasil"},"content":{"rendered":"<p>Durante a abertura do F\u00f3rum de Lisboa, realizada nesta quarta-feira (2\/7), em Portugal, o presidente nacional da OAB, Beto Simonetti, lan\u00e7ou um movimento nacional em favor da pacifica\u00e7\u00e3o do pa\u00eds. \u201cConclamamos todas as lideran\u00e7as p\u00fablicas, pol\u00edticas, institucionais e sociais a participarem desse esfor\u00e7o\u201d, disse, frisando que as autoridades brasileiras precisam desarmar os esp\u00edritos. \u201cN\u00e3o \u00e9 a diverg\u00eancia que enfraquece uma na\u00e7\u00e3o, mas a recusa em transform\u00e1-la em di\u00e1logo. Quando se escolhem antagonismos onde deveria haver debate, perde-se a chance de construir solu\u00e7\u00f5es comuns\u201d, pontuou Simonetti.<\/p>\n<p>Ao afirmar que os extremos n\u00e3o podem ditar o rumo do debate pol\u00edtico, o presidente da OAB Nacional lembrou que a paz se constr\u00f3i com escuta, civilidade e compromisso com aquilo que \u00e9 maior do que qualquer interesse individual: o futuro do pa\u00eds. \u201c\u00c9 tempo de buscar consensos em torno de pautas estruturantes, capazes de unir o Brasil em torno de objetivos permanentes: sa\u00fade p\u00fablica de qualidade, educa\u00e7\u00e3o gratuita e universal, seguran\u00e7a cidad\u00e3 e combate firme \u00e0s desigualdades sociais e regionais. Por isso, ao longo dos pr\u00f3ximos meses, a OAB encabe\u00e7ar\u00e1 esse movimento pela pacifica\u00e7\u00e3o\u201d, anunciou, explicando que \u00e9 um chamado ao di\u00e1logo, \u00e0 escuta e \u00e0 responsabilidade coletiva.<\/p>\n<p>\u201cQue este F\u00f3rum seja o ponto de partida de um compromisso comum: reconstruir, com firmeza e coragem, os caminhos de entendimento que o Brasil tanto precisa. Vamos juntos, de m\u00e3os dadas, \u2018repacificar\u2019 o pa\u00eds\u201d, conclamou.<\/p>\n<p>Tamb\u00e9m integraram a solenidade os ministros do STF Gilmar Mendes, Andr\u00e9 Mendon\u00e7a e Alexandre de Morais; o presidente da C\u00e2mara dos Deputados, Hugo Motta; o primeiro vice-presidente do Senado Federal, Eduardo Gomes; o presidente do F\u00f3rum de Integra\u00e7\u00e3o Brasil Europa, Vitalino Canas; o ministro adjunto da Reforma de Estado de Portugal, Gon\u00e7alo Saraiva Matias; o diretor da Faculdade de Direito da Universidade de Lisboa, Eduardo Vera-Cruz Pinto; e o professor catedr\u00e1tico da Faculdade de Direito da Universidade de Lisboa e consultor s\u00eanior do Centro Jur\u00eddico da Presid\u00eancia do Conselho de Ministros de Portugal, Carlos Blanco, entre outras autoridades.<\/p>\n<p><b>F\u00f3rum internacional<\/b><\/p>\n<p>Com o tema \u201cO Mundo em Transforma\u00e7\u00e3o \u2014 Direito, Democracia e Sustentabilidade na Era Inteligente\u201d, o 13\u00ba F\u00f3rum de Lisboa segue at\u00e9 sexta-feira (4\/7), na Faculdade de Direito da Universidade de Lisboa.<\/p>\n<p>Organizado pelo Instituto Brasileiro de Ensino, Desenvolvimento e Pesquisa (IDP), pelo Instituto de Ci\u00eancias Jur\u00eddico-Pol\u00edticas da Faculdade de Direito da Universidade de Lisboa (ICJP) e pela Funda\u00e7\u00e3o Getulio Vargas (FGV), o F\u00f3rum de Lisboa \u00e9 promovido anualmente para debater vis\u00f5es e desafios jur\u00eddicos enfrentados pelos pa\u00edses da Europa e pelo Brasil.<\/p>\n","protected":false},"excerpt":{"rendered":"<p>Durante a abertura do F\u00f3rum de Lisboa, realizada nesta quarta-feira (2\/7), em Portugal, o presidente nacional da OAB, Beto Simonetti, lan\u00e7ou um movimento nacional em favor da pacifica\u00e7\u00e3o do pa\u00eds. \u201cConclamamos todas as lideran\u00e7as p\u00fablicas, pol\u00edticas, institucionais e sociais a participarem desse esfor\u00e7o\u201d, disse, frisando que as autoridades brasileiras precisam desarmar os esp\u00edritos. \u201cN\u00e3o \u00e9 &hellip;<\/p>\n","protected":false},"author":1,"featured_media":134170,"comment_status":"open","ping_status":"open","sticky":false,"template":"","format":"standard","meta":{"footnotes":""},"categories":[18],"tags":[],"class_list":["post-135346","post","type-post","status-publish","format-standard","has-post-thumbnail","hentry","category-brasil"],"_links":{"self":[{"href":"https:\/\/iparaiba.com.br\/index.php\/wp-json\/wp\/v2\/posts\/135346","targetHints":{"allow":["GET"]}}],"collection":[{"href":"https:\/\/iparaiba.com.br\/index.php\/wp-json\/wp\/v2\/posts"}],"about":[{"href":"https:\/\/iparaiba.com.br\/index.php\/wp-json\/wp\/v2\/types\/post"}],"author":[{"embeddable":true,"href":"https:\/\/iparaiba.com.br\/index.php\/wp-json\/wp\/v2\/users\/1"}],"replies":[{"embeddable":true,"href":"https:\/\/iparaiba.com.br\/index.php\/wp-json\/wp\/v2\/comments?post=135346"}],"version-history":[{"count":1,"href":"https:\/\/iparaiba.com.br\/index.php\/wp-json\/wp\/v2\/posts\/135346\/revisions"}],"predecessor-version":[{"id":135385,"href":"https:\/\/iparaiba.com.br\/index.php\/wp-json\/wp\/v2\/posts\/135346\/revisions\/135385"}],"wp:featuredmedia":[{"embeddable":true,"href":"https:\/\/iparaiba.com.br\/index.php\/wp-json\/wp\/v2\/media\/134170"}],"wp:attachment":[{"href":"https:\/\/iparaiba.com.br\/index.php\/wp-json\/wp\/v2\/media?parent=135346"}],"wp:term":[{"taxonomy":"category","embeddable":true,"href":"https:\/\/iparaiba.com.br\/index.php\/wp-json\/wp\/v2\/categories?post=135346"},{"taxonomy":"post_tag","embeddable":true,"href":"https:\/\/iparaiba.com.br\/index.php\/wp-json\/wp\/v2\/tags?post=135346"}],"curies":[{"name":"wp","href":"https:\/\/api.w.org\/{rel}","templated":true}]}}