{"id":135344,"date":"2025-07-09T10:05:17","date_gmt":"2025-07-09T13:05:17","guid":{"rendered":"https:\/\/onordeste.com.br\/?p=135339"},"modified":"2025-07-09T10:05:17","modified_gmt":"2025-07-09T13:05:17","slug":"tv-camara-autoriza-criacao-da-rede-metropolitana-de-tv","status":"publish","type":"post","link":"https:\/\/iparaiba.com.br\/index.php\/2025\/07\/09\/tv-camara-autoriza-criacao-da-rede-metropolitana-de-tv\/","title":{"rendered":"TV C\u00e2mara autoriza cria\u00e7\u00e3o da Rede Metropolitana de TV"},"content":{"rendered":"<p style=\"font-weight: 400;\">As C\u00e2maras Municipais da Regi\u00e3o Metropolitana de Jo\u00e3o Pessoa ganhar\u00e3o uma importante plataforma de comunica\u00e7\u00e3o neste ano. Trata-se da Rede Legislativa Metropolitana de TV, que ter\u00e1 o sinal gerado atrav\u00e9s da TV C\u00e2mara de Jo\u00e3o Pessoa.<\/p>\n<p style=\"font-weight: 400;\">A iniciativa \u00e9 fruto de uma articula\u00e7\u00e3o da Mesa Diretora da C\u00e2mara de Jo\u00e3o Pessoa com a dire\u00e7\u00e3o nacional da TV C\u00e2mara dos Deputados.<\/p>\n<p style=\"font-weight: 400;\">Durante agenda em Bras\u00edlia, nesta quinta-feira (3), o presidente da C\u00e2mara da capital, Dinho Dowsley (PSD), entregou o of\u00edcio ao supervisor da Rede Legislativa de TV da C\u00e2mara Federal, Carlos Eduardo Neiva. Ele foi acompanhado do vereador Marcos Vin\u00edcius (PDT).<\/p>\n<p style=\"font-weight: 400;\">O tema, inclusive, foi tratado anteriormente com o presidente da C\u00e2mara dos Deputados, Hugo Motta. Com a autoriza\u00e7\u00e3o j\u00e1 acertada, ser\u00e1 marcada uma solenidade para a assinatura do termo de coopera\u00e7\u00e3o que formalizar\u00e1 a cria\u00e7\u00e3o do canal.<\/p>\n<p style=\"font-weight: 400;\">A Regi\u00e3o Metropolitana de Jo\u00e3o Pessoa \u00e9 formada pelas cidades de Jo\u00e3o Pessoa, Bayeux, Cabedelo, Conde, Cruz do Esp\u00edrito Santo, Lucena, Mamanguape, Rio Tinto, Santa Rita, Alhandra, Pitimbu, Caapor\u00e3 e Pedras de Fogo.<\/p>\n","protected":false},"excerpt":{"rendered":"<p>As C\u00e2maras Municipais da Regi\u00e3o Metropolitana de Jo\u00e3o Pessoa ganhar\u00e3o uma importante plataforma de comunica\u00e7\u00e3o neste ano. Trata-se da Rede Legislativa Metropolitana de TV, que ter\u00e1 o sinal gerado atrav\u00e9s da TV C\u00e2mara de Jo\u00e3o Pessoa. A iniciativa \u00e9 fruto de uma articula\u00e7\u00e3o da Mesa Diretora da C\u00e2mara de Jo\u00e3o Pessoa com a dire\u00e7\u00e3o nacional &hellip;<\/p>\n","protected":false},"author":1,"featured_media":123156,"comment_status":"open","ping_status":"open","sticky":false,"template":"","format":"standard","meta":{"footnotes":""},"categories":[7],"tags":[],"class_list":["post-135344","post","type-post","status-publish","format-standard","has-post-thumbnail","hentry","category-diversas"],"_links":{"self":[{"href":"https:\/\/iparaiba.com.br\/index.php\/wp-json\/wp\/v2\/posts\/135344","targetHints":{"allow":["GET"]}}],"collection":[{"href":"https:\/\/iparaiba.com.br\/index.php\/wp-json\/wp\/v2\/posts"}],"about":[{"href":"https:\/\/iparaiba.com.br\/index.php\/wp-json\/wp\/v2\/types\/post"}],"author":[{"embeddable":true,"href":"https:\/\/iparaiba.com.br\/index.php\/wp-json\/wp\/v2\/users\/1"}],"replies":[{"embeddable":true,"href":"https:\/\/iparaiba.com.br\/index.php\/wp-json\/wp\/v2\/comments?post=135344"}],"version-history":[{"count":1,"href":"https:\/\/iparaiba.com.br\/index.php\/wp-json\/wp\/v2\/posts\/135344\/revisions"}],"predecessor-version":[{"id":135383,"href":"https:\/\/iparaiba.com.br\/index.php\/wp-json\/wp\/v2\/posts\/135344\/revisions\/135383"}],"wp:featuredmedia":[{"embeddable":true,"href":"https:\/\/iparaiba.com.br\/index.php\/wp-json\/wp\/v2\/media\/123156"}],"wp:attachment":[{"href":"https:\/\/iparaiba.com.br\/index.php\/wp-json\/wp\/v2\/media?parent=135344"}],"wp:term":[{"taxonomy":"category","embeddable":true,"href":"https:\/\/iparaiba.com.br\/index.php\/wp-json\/wp\/v2\/categories?post=135344"},{"taxonomy":"post_tag","embeddable":true,"href":"https:\/\/iparaiba.com.br\/index.php\/wp-json\/wp\/v2\/tags?post=135344"}],"curies":[{"name":"wp","href":"https:\/\/api.w.org\/{rel}","templated":true}]}}