{"id":135343,"date":"2025-07-09T06:03:16","date_gmt":"2025-07-09T09:03:16","guid":{"rendered":"https:\/\/onordeste.com.br\/?p=135337"},"modified":"2025-07-09T06:03:16","modified_gmt":"2025-07-09T09:03:16","slug":"aspol-pb-e-funasa-saude-assinam-convenio-para-adesao-de-policiais-civis-a-planos-de-saude","status":"publish","type":"post","link":"https:\/\/iparaiba.com.br\/index.php\/2025\/07\/09\/aspol-pb-e-funasa-saude-assinam-convenio-para-adesao-de-policiais-civis-a-planos-de-saude\/","title":{"rendered":"Aspol-PB e Funasa Sa\u00fade assinam conv\u00eanio para ades\u00e3o de policiais civis a planos de sa\u00fade"},"content":{"rendered":"<p>A Associa\u00e7\u00e3o dos Policiais Civis de Carreira da Para\u00edba (Aspol-PB) e a Funasa Sa\u00fade firmaram um conv\u00eanio para ades\u00e3o dos policiais civis paraibanos aos planos de sa\u00fade da operadora. A assinatura da parceria ocorreu na tarde desta quinta-feira, dia 3, \u00a0na sede da entidade da categoria profissional, nos Banc\u00e1rios, em Jo\u00e3o Pessoa.<\/p>\n<p>A presidente da Aspol-PB, Sauna Melo, enfatizou como importante para os policiais civis paraibanos o conv\u00eanio com a Funasa Sa\u00fade: \u201cEsse conv\u00eanio da Funasa Sa\u00fade com a Aspol-PB, maior entidade representativa de policiais civis do estado da Para\u00edba, \u00e9, sem d\u00favida, algo de muita qualidade para os nossos policiais. Estamos muito confiantes que esta parceria ser\u00e1 promissora\u201d.<\/p>\n<p>Suana Melo ressaltou a seriedade e a qualidade dos servi\u00e7os da Funasa Sa\u00fade. \u201cN\u00f3s precisamos de uma institui\u00e7\u00e3o s\u00e9ria como a Funasa Sa\u00fade, trazendo tamb\u00e9m qualidade de vida para os nossos policiais. Uma grande oportunidade com um plano de abrang\u00eancia aqui no nosso estado\u201d, apontou. E completou: \u201cEssa parceria, sem d\u00favida, vai ser um grande diferencial para os nossos associados\u201d.<\/p>\n<p>A diretora-presidente da Funasa Sa\u00fade, Danielita Pinto, considerou que a assinatura do conv\u00eanio com a Aspol-PB representa uma nova conquista para a operadora de planos de sa\u00fade. \u201c\u00c9 o resultado de um esfor\u00e7o que n\u00f3s estamos empreendendo h\u00e1 algum tempo. J\u00e1 fechamos com a Pol\u00edcia Militar um conv\u00eanio e agora estamos com o policialmente civil do Estado da Para\u00edba\u201d, ressaltou.<\/p>\n<p>Danielita Pinto lembrou que a Funasa Sa\u00fade possui rede de atendimento de Cabedelo a Cajazeiras. \u201cEstamos organizados e prontos para atender o pessoa da Pol\u00edcia Civil da melhor forma poss\u00edvel. Somos muito gratos e estamos aqui para cuidar dessa gera\u00e7\u00e3o e das futuras\u201d, complementou.<\/p>\n<p>Os policiais civis interessados em adquirir planos de sa\u00fade da Funasa Sa\u00fade devem procurar a operadora e informar que \u00e9 associado da Aspol-PB.<\/p>\n<p>A Funasa Sa\u00fade \u00e9 uma associa\u00e7\u00e3o genuinamente paraibana, administrada pelos pr\u00f3prios associados, que opera planos de sa\u00fade. Todas as informa\u00e7\u00f5es sobre o processo de ades\u00e3o dos contadores \u00e0 Funasa Sa\u00fade est\u00e3o dispon\u00edveis no perfil no Instagram da Funasa Sa\u00fade (@funasasaude). O telefone para contato \u00e9 o 3244-4225.<\/p>\n","protected":false},"excerpt":{"rendered":"<p>A Associa\u00e7\u00e3o dos Policiais Civis de Carreira da Para\u00edba (Aspol-PB) e a Funasa Sa\u00fade firmaram um conv\u00eanio para ades\u00e3o dos policiais civis paraibanos aos planos de sa\u00fade da operadora. A assinatura da parceria ocorreu na tarde desta quinta-feira, dia 3, \u00a0na sede da entidade da categoria profissional, nos Banc\u00e1rios, em Jo\u00e3o Pessoa. A presidente da &hellip;<\/p>\n","protected":false},"author":1,"featured_media":98483,"comment_status":"open","ping_status":"open","sticky":false,"template":"","format":"standard","meta":{"footnotes":""},"categories":[13],"tags":[],"class_list":["post-135343","post","type-post","status-publish","format-standard","has-post-thumbnail","hentry","category-policial"],"_links":{"self":[{"href":"https:\/\/iparaiba.com.br\/index.php\/wp-json\/wp\/v2\/posts\/135343","targetHints":{"allow":["GET"]}}],"collection":[{"href":"https:\/\/iparaiba.com.br\/index.php\/wp-json\/wp\/v2\/posts"}],"about":[{"href":"https:\/\/iparaiba.com.br\/index.php\/wp-json\/wp\/v2\/types\/post"}],"author":[{"embeddable":true,"href":"https:\/\/iparaiba.com.br\/index.php\/wp-json\/wp\/v2\/users\/1"}],"replies":[{"embeddable":true,"href":"https:\/\/iparaiba.com.br\/index.php\/wp-json\/wp\/v2\/comments?post=135343"}],"version-history":[{"count":1,"href":"https:\/\/iparaiba.com.br\/index.php\/wp-json\/wp\/v2\/posts\/135343\/revisions"}],"predecessor-version":[{"id":135382,"href":"https:\/\/iparaiba.com.br\/index.php\/wp-json\/wp\/v2\/posts\/135343\/revisions\/135382"}],"wp:featuredmedia":[{"embeddable":true,"href":"https:\/\/iparaiba.com.br\/index.php\/wp-json\/wp\/v2\/media\/98483"}],"wp:attachment":[{"href":"https:\/\/iparaiba.com.br\/index.php\/wp-json\/wp\/v2\/media?parent=135343"}],"wp:term":[{"taxonomy":"category","embeddable":true,"href":"https:\/\/iparaiba.com.br\/index.php\/wp-json\/wp\/v2\/categories?post=135343"},{"taxonomy":"post_tag","embeddable":true,"href":"https:\/\/iparaiba.com.br\/index.php\/wp-json\/wp\/v2\/tags?post=135343"}],"curies":[{"name":"wp","href":"https:\/\/api.w.org\/{rel}","templated":true}]}}