{"id":135342,"date":"2025-07-08T18:00:43","date_gmt":"2025-07-08T21:00:43","guid":{"rendered":"https:\/\/onordeste.com.br\/?p=135335"},"modified":"2025-07-08T18:00:43","modified_gmt":"2025-07-08T21:00:43","slug":"agevisa-recomenda-retirada-do-mercado-de-produtos-capilares","status":"publish","type":"post","link":"https:\/\/iparaiba.com.br\/index.php\/2025\/07\/08\/agevisa-recomenda-retirada-do-mercado-de-produtos-capilares\/","title":{"rendered":"Agevisa recomenda retirada do mercado de produtos capilares"},"content":{"rendered":"<p style=\"font-weight: 400;\">A Ag\u00eancia Estadual de Vigil\u00e2ncia Sanit\u00e1ria divulgou recomenda\u00e7\u00e3o aos seus inspetores sanit\u00e1rios e \u00e0s Vigil\u00e2ncias Sanit\u00e1rias dos munic\u00edpios paraibanos para que apreendam todos os produtos irregulares para cabelos que estejam sendo comercializados no Estado. A iniciativa, segundo o diretor-geral da Agevisa\/PB, Geraldo Moreira de Menezes, vem refor\u00e7ar a proibi\u00e7\u00e3o, na Para\u00edba, da comercializa\u00e7\u00e3o de v\u00e1rias pomadas para tran\u00e7ar, alisar e modelar cabelos, que podem causar graves problemas \u00e0 sa\u00fade dos usu\u00e1rios.<\/p>\n<p style=\"font-weight: 400;\">Geraldo Moreira lembrou que o problema \u00e9 muito s\u00e9rio e vem mobilizando a Vigil\u00e2ncia Sanit\u00e1ria h\u00e1 alguns anos, em face da ocorr\u00eancia, em v\u00e1rios Estados do Pa\u00eds, de\u00a0efeitos indesejados como cegueira tempor\u00e1ria (perda tempor\u00e1ria da vis\u00e3o), forte ard\u00eancia nos olhos, lacrimejamento intenso, coceira, vermelhid\u00e3o, incha\u00e7o ocular e dor de cabe\u00e7a.<\/p>\n<p style=\"font-weight: 400;\"><strong>Alisantes capilares \u2013<\/strong>\u00a0Dentre os produtos proibidos est\u00e3o os alisantes capilares que, conforme Alerta publicado na segunda-feira (07) pela Anvisa, cont\u00eam subst\u00e2ncias proibidas, como o formol (ou formalde\u00eddo) e o \u00e1cido gliox\u00edlico. Tais produtos, segundo o Informe de Seguran\u00e7a n\u00ba 03\/2025\u00a0(dispon\u00edvel em\u00a0<a href=\"https:\/\/www.gov.br\/anvisa\/pt-br\/assuntos\/fiscalizacao-e-monitoramento\/informes-de-seguranca\/informe-de-seguranca-ggmon-no-03-2025-cosmetovigilancia\" data-saferedirecturl=\"https:\/\/www.google.com\/url?q=https:\/\/www.gov.br\/anvisa\/pt-br\/assuntos\/fiscalizacao-e-monitoramento\/informes-de-seguranca\/informe-de-seguranca-ggmon-no-03-2025-cosmetovigilancia&amp;source=gmail&amp;ust=1752073283436000&amp;usg=AOvVaw1KDJUY2cXP1iC3pKGpZOeE\">https:\/\/www.gov.br\/anvisa\/pt-br\/assuntos\/fiscalizacao-e-monitoramento\/informes-de-seguranca\/informe-de-seguranca-ggmon-no-03-2025-cosmetovigilancia<\/a>), podem causar desde irrita\u00e7\u00f5es na pele at\u00e9 problemas respirat\u00f3rios e danos irrevers\u00edveis \u00e0 estrutura capilar.<\/p>\n<p style=\"font-weight: 400;\">O documento destaca que, atualmente, o formol \u00e9 permitido em produtos cosm\u00e9ticos, no Brasil, apenas como conservante (em concentra\u00e7\u00f5es de at\u00e9 0,2%) e como endurecedor de unhas (at\u00e9 5%), e que o seu uso como agente alisante \u00e9 proibido e representa s\u00e9rios riscos \u00e0 sa\u00fade.\u00a0O Alerta tamb\u00e9m enfatiza que \u201co \u00e1cido gliox\u00edlico, tamb\u00e9m proibido para essa finalidade, pode causar severos danos quando aquecido, sendo especialmente perigoso quando combinado com outros procedimentos, como a descolora\u00e7\u00e3o dos fios\u201d.<\/p>\n<p style=\"font-weight: 400;\">Destacando relatos de riscos \u00e0 sa\u00fade e aos cabelos relacionados ao uso de alisantes capilares, especialmente aqueles contendo subst\u00e2ncias proibidas, como formol (ou formalde\u00eddo) e \u00e1cido gliox\u00edlico, a Anvisa ressaltou que esses produtos podem causar irrita\u00e7\u00f5es, problemas respirat\u00f3rios e danos graves aos fios, como quebra, ressecamento e desalinhamento da fibra capilar (<em>frizz<\/em>).<\/p>\n<p style=\"font-weight: 400;\"><strong>Uso seguro \u2013<\/strong>\u00a0Para orientar os consumidores e profissionais de sal\u00f5es de beleza sobre o uso seguro de alisantes, o\u00a0Informe de Seguran\u00e7a n\u00ba 03\/2025\/Anvisa traz as seguintes orienta\u00e7\u00f5es:<\/p>\n<p style=\"font-weight: 400;\"><strong>Para os Consumidores<\/strong><\/p>\n<p style=\"font-weight: 400;\">\u00fc\u00a0<strong>Escolher produtos regularizados<\/strong>, verificando se o alisante tem registro na Anvisa e evitaando produtos sem r\u00f3tulo, vendidos em marketplaces n\u00e3o confi\u00e1veis ou com promessas exageradas como, por exemplo, \u201cprogressiva sem qu\u00edmica\u201d.<\/p>\n<p style=\"font-weight: 400;\">\u00fc\u00a0<strong>Ter cuidado com subst\u00e2ncias proibidas<\/strong>, lembrando que o formol \u00e9 proibido como alisante e perigoso \u00e0 sa\u00fade, e que o \u00e1cido gliox\u00edlico, comum em progressivas, n\u00e3o \u00e9 permitido pela Anvisa e danifica os fios, especialmente com calor.<\/p>\n<p style=\"font-weight: 400;\">\u00fc\u00a0<strong>Evitar alisamento ap\u00f3s descolora\u00e7\u00e3o<\/strong>, pois os cabelos descoloridos est\u00e3o mais fr\u00e1geis e sofrem danos severos com alisantes, devendo-se esperar um intervalo seguro (mediante consulta a um profissional) ou evitar combinar os procedimentos.<\/p>\n<p style=\"font-weight: 400;\">\u00fc\u00a0<strong>Seguir as Instru\u00e7\u00f5es<\/strong>, fazendo o teste de mecha antes de aplicar o produto; evitando o contato com o couro cabeludo e enxaguando bem os cabelos, e reduzindo o uso de prancha\/secador, pois o calor intensifica os danos aos cabelos.<\/p>\n<p style=\"font-weight: 400;\">\u00fc\u00a0<strong>Ficar atento a sinais de alerta<\/strong>, interrompendo imediatamente o uso se sentir ard\u00eancia, coceira ou dificuldade para respirar, procurando um m\u00e9dico, em caso de rea\u00e7\u00f5es adversas, e relatando o problema \u00e0 Anvisa pelo sistema e-Notivisa (<a href=\"https:\/\/www.gov.br\/pt-br\/servicos\/notificar-problemas-com-produtos-sujeitos-a-vigilancia-sanitaria\" data-saferedirecturl=\"https:\/\/www.google.com\/url?q=https:\/\/www.gov.br\/pt-br\/servicos\/notificar-problemas-com-produtos-sujeitos-a-vigilancia-sanitaria&amp;source=gmail&amp;ust=1752073283436000&amp;usg=AOvVaw3vP4R3wgGy4wYn5Dna5e6H\">https:\/\/www.gov.br\/pt-br\/servicos\/notificar-problemas-com-produtos-sujeitos-a-vigilancia-sanitaria<\/a>).<\/p>\n<p style=\"font-weight: 400;\"><strong>Para os profissionais de sal\u00f5es de beleza<\/strong><\/p>\n<p style=\"font-weight: 400;\">\u00fc\u00a0<strong>Usar produtos seguros<\/strong>, comprando alisantes de fornecedores confi\u00e1veis, com registro na Anvisa, evitando aplicar produtos caseiros, importados sem registro ou com \u00e1cido gliox\u00edlico, e recusando-se a aplicar produtos sem registro ou com ingredientes proibidos, mesmo que o cliente insista, pois a responsabilidade profissional e os riscos \u00e0 sa\u00fade devem prevalecer.<\/p>\n<p style=\"font-weight: 400;\">\u00fc\u00a0<strong>Proteger-se e proteger o cliente<\/strong>, usando luvas e m\u00e1scaras durante a aplica\u00e7\u00e3o para evitar contato com subst\u00e2ncias qu\u00edmicas; trabalhando em locais ventilados para reduzir a inala\u00e7\u00e3o de vapores, informando os clientes sobre os riscos e realizando testes de mecha.<\/p>\n<p style=\"font-weight: 400;\">\u00fc\u00a0<strong>Evitar procedimentos combinados<\/strong>, n\u00e3o aplicando alisantes em cabelos rec\u00e9m-descoloridos, pois a combina\u00e7\u00e3o aumenta os danos \u00e0 sa\u00fade capilar.<\/p>\n<p style=\"font-weight: 400;\">\u00fc\u00a0<strong>Relatar problemas \u00e0 Anvisa<\/strong>, notificando rea\u00e7\u00f5es adversas ou produtos suspeitos atrav\u00e9s do sistema e-Notivisa (<a href=\"https:\/\/www.gov.br\/pt-br\/servicos\/notificar-problemas-com-produtos-sujeitos-a-vigilancia-sanitaria\" data-saferedirecturl=\"https:\/\/www.google.com\/url?q=https:\/\/www.gov.br\/pt-br\/servicos\/notificar-problemas-com-produtos-sujeitos-a-vigilancia-sanitaria&amp;source=gmail&amp;ust=1752073283436000&amp;usg=AOvVaw3vP4R3wgGy4wYn5Dna5e6H\">https:\/\/www.gov.br\/pt-br\/servicos\/notificar-problemas-com-produtos-sujeitos-a-vigilancia-sanitaria<\/a>)<\/p>\n<p style=\"font-weight: 400;\">\u00fc\u00a0<strong>Orientar o cliente a buscar ajuda m\u00e9dica<\/strong>.<\/p>\n<p style=\"font-weight: 400;\"><strong>Crime hediondo \u2013<\/strong>\u00a0O Informe\u00a0de Seguran\u00e7a n\u00ba 03\/2025\/Anvisa alerta tamb\u00e9m para o fato de que a\u00a0adi\u00e7\u00e3o de formol a cosm\u00e9ticos \u00e9 considerada infra\u00e7\u00e3o sanit\u00e1ria grave e pode configurar crime hediondo, nos termos do art. 273 do C\u00f3digo Penal Brasileiro (Decreto-Lei n\u00ba 2.848, de 07 de dezembro de 1940).<\/p>\n<p>Agevisa<\/p>\n","protected":false},"excerpt":{"rendered":"<p>A Ag\u00eancia Estadual de Vigil\u00e2ncia Sanit\u00e1ria divulgou recomenda\u00e7\u00e3o aos seus inspetores sanit\u00e1rios e \u00e0s Vigil\u00e2ncias Sanit\u00e1rias dos munic\u00edpios paraibanos para que apreendam todos os produtos irregulares para cabelos que estejam sendo comercializados no Estado. A iniciativa, segundo o diretor-geral da Agevisa\/PB, Geraldo Moreira de Menezes, vem refor\u00e7ar a proibi\u00e7\u00e3o, na Para\u00edba, da comercializa\u00e7\u00e3o de v\u00e1rias &hellip;<\/p>\n","protected":false},"author":1,"featured_media":116528,"comment_status":"open","ping_status":"open","sticky":false,"template":"","format":"standard","meta":{"footnotes":""},"categories":[6],"tags":[],"class_list":["post-135342","post","type-post","status-publish","format-standard","has-post-thumbnail","hentry","category-destaques"],"_links":{"self":[{"href":"https:\/\/iparaiba.com.br\/index.php\/wp-json\/wp\/v2\/posts\/135342","targetHints":{"allow":["GET"]}}],"collection":[{"href":"https:\/\/iparaiba.com.br\/index.php\/wp-json\/wp\/v2\/posts"}],"about":[{"href":"https:\/\/iparaiba.com.br\/index.php\/wp-json\/wp\/v2\/types\/post"}],"author":[{"embeddable":true,"href":"https:\/\/iparaiba.com.br\/index.php\/wp-json\/wp\/v2\/users\/1"}],"replies":[{"embeddable":true,"href":"https:\/\/iparaiba.com.br\/index.php\/wp-json\/wp\/v2\/comments?post=135342"}],"version-history":[{"count":1,"href":"https:\/\/iparaiba.com.br\/index.php\/wp-json\/wp\/v2\/posts\/135342\/revisions"}],"predecessor-version":[{"id":135381,"href":"https:\/\/iparaiba.com.br\/index.php\/wp-json\/wp\/v2\/posts\/135342\/revisions\/135381"}],"wp:featuredmedia":[{"embeddable":true,"href":"https:\/\/iparaiba.com.br\/index.php\/wp-json\/wp\/v2\/media\/116528"}],"wp:attachment":[{"href":"https:\/\/iparaiba.com.br\/index.php\/wp-json\/wp\/v2\/media?parent=135342"}],"wp:term":[{"taxonomy":"category","embeddable":true,"href":"https:\/\/iparaiba.com.br\/index.php\/wp-json\/wp\/v2\/categories?post=135342"},{"taxonomy":"post_tag","embeddable":true,"href":"https:\/\/iparaiba.com.br\/index.php\/wp-json\/wp\/v2\/tags?post=135342"}],"curies":[{"name":"wp","href":"https:\/\/api.w.org\/{rel}","templated":true}]}}