{"id":135341,"date":"2025-07-08T16:00:02","date_gmt":"2025-07-08T19:00:02","guid":{"rendered":"https:\/\/onordeste.com.br\/?p=135333"},"modified":"2025-07-08T16:00:02","modified_gmt":"2025-07-08T19:00:02","slug":"sobem-juros-do-cartao-de-credito","status":"publish","type":"post","link":"https:\/\/iparaiba.com.br\/index.php\/2025\/07\/08\/sobem-juros-do-cartao-de-credito\/","title":{"rendered":"Sobem juros do cart\u00e3o de cr\u00e9dito"},"content":{"rendered":"<p>Os juros m\u00e9dios cobrados em maio pelas empresas de cart\u00e3o de cr\u00e9dito rotativo est\u00e3o mais altos no Brasil, enquanto os do cheque especial e do cr\u00e9dito consignado ca\u00edram. \u00c9 o que informam as Estat\u00edsticas Monet\u00e1rias e de Cr\u00e9dito, divulgadas nesta sexta-feira (27) pelo Banco Central (BC).<\/p>\n<p>De acordo com o BC, em maio, os juros m\u00e9dios dos cart\u00f5es de cr\u00e9dito rotativo chegaram a 449,9% ao ano, o que representa alta de 5,7 pontos percentuais (p.p.), na compara\u00e7\u00e3o com o m\u00eas anterior (444,2%).<\/p>\n<p>A cobran\u00e7a do rotativo \u00e9 feita quando o valor total da fatura n\u00e3o \u00e9 pago at\u00e9 a data de vencimento do cart\u00e3o de cr\u00e9dito, levando o cliente a ter de parcelar o que \u00e9 devido.<\/p>\n<p>J\u00e1 os juros m\u00e9dios cobrados pelo cheque especial ficaram em 134,7% ao ano. Em abril, a taxa estava 2,7 p.p. abaixo da observada em maio (137,4%).<\/p>\n<p>Consignado<br \/>\nOutra modalidade de cr\u00e9dito que tem sido muito usada pelos brasileiros \u00e9 a do consignado. Segundo o BC, no m\u00eas de maio houve queda de 0,4 p.p. na modalidade, na compara\u00e7\u00e3o com o m\u00eas anterior, ficando em 26,5% (consignado total).<\/p>\n<p>No caso do consignado cobrado em maio na folha de servidores p\u00fablicos (mais barato em fun\u00e7\u00e3o das garantias dadas pela estabilidade no emprego), os juros cobrados ficaram em 24,8% ao ano. Para o consignado dos trabalhadores do setor privado, o percentual sobe para 55,6% ao ano.<\/p>\n<p>Nos consignados adquiridos por benefici\u00e1rios do Instituto Nacional do Seguro Social (INSS), o juro cobrado estava em 24,3%, tamb\u00e9m tendo como maio como m\u00eas de refer\u00eancia.<\/p>\n<p>Ag\u00eancia Brasil<\/p>\n","protected":false},"excerpt":{"rendered":"<p>Os juros m\u00e9dios cobrados em maio pelas empresas de cart\u00e3o de cr\u00e9dito rotativo est\u00e3o mais altos no Brasil, enquanto os do cheque especial e do cr\u00e9dito consignado ca\u00edram. \u00c9 o que informam as Estat\u00edsticas Monet\u00e1rias e de Cr\u00e9dito, divulgadas nesta sexta-feira (27) pelo Banco Central (BC). De acordo com o BC, em maio, os juros &hellip;<\/p>\n","protected":false},"author":1,"featured_media":102730,"comment_status":"open","ping_status":"open","sticky":false,"template":"","format":"standard","meta":{"footnotes":""},"categories":[16],"tags":[],"class_list":["post-135341","post","type-post","status-publish","format-standard","has-post-thumbnail","hentry","category-economia"],"_links":{"self":[{"href":"https:\/\/iparaiba.com.br\/index.php\/wp-json\/wp\/v2\/posts\/135341","targetHints":{"allow":["GET"]}}],"collection":[{"href":"https:\/\/iparaiba.com.br\/index.php\/wp-json\/wp\/v2\/posts"}],"about":[{"href":"https:\/\/iparaiba.com.br\/index.php\/wp-json\/wp\/v2\/types\/post"}],"author":[{"embeddable":true,"href":"https:\/\/iparaiba.com.br\/index.php\/wp-json\/wp\/v2\/users\/1"}],"replies":[{"embeddable":true,"href":"https:\/\/iparaiba.com.br\/index.php\/wp-json\/wp\/v2\/comments?post=135341"}],"version-history":[{"count":1,"href":"https:\/\/iparaiba.com.br\/index.php\/wp-json\/wp\/v2\/posts\/135341\/revisions"}],"predecessor-version":[{"id":135380,"href":"https:\/\/iparaiba.com.br\/index.php\/wp-json\/wp\/v2\/posts\/135341\/revisions\/135380"}],"wp:featuredmedia":[{"embeddable":true,"href":"https:\/\/iparaiba.com.br\/index.php\/wp-json\/wp\/v2\/media\/102730"}],"wp:attachment":[{"href":"https:\/\/iparaiba.com.br\/index.php\/wp-json\/wp\/v2\/media?parent=135341"}],"wp:term":[{"taxonomy":"category","embeddable":true,"href":"https:\/\/iparaiba.com.br\/index.php\/wp-json\/wp\/v2\/categories?post=135341"},{"taxonomy":"post_tag","embeddable":true,"href":"https:\/\/iparaiba.com.br\/index.php\/wp-json\/wp\/v2\/tags?post=135341"}],"curies":[{"name":"wp","href":"https:\/\/api.w.org\/{rel}","templated":true}]}}