{"id":135323,"date":"2025-07-01T12:53:39","date_gmt":"2025-07-01T15:53:39","guid":{"rendered":"https:\/\/onordeste.com.br\/?p=135289"},"modified":"2025-07-01T12:53:39","modified_gmt":"2025-07-01T15:53:39","slug":"salao-do-artesanato-paraibano-chega-ao-fim","status":"publish","type":"post","link":"https:\/\/iparaiba.com.br\/index.php\/2025\/07\/01\/salao-do-artesanato-paraibano-chega-ao-fim\/","title":{"rendered":"Sal\u00e3o do Artesanato Paraibano chega ao fim"},"content":{"rendered":"<p>A40\u00aa edi\u00e7\u00e3o do Sal\u00e3o do Artesanato Paraibano foi encerrada, nesse domingo (29), em Campina Grande, com mais de R$ 2,7 milh\u00f5es comercializados pelos artes\u00e3os que participaram do evento, realizado pelo Governo da Para\u00edba e Sebrae-PB. Outro destaque foi o Projeto Sal\u00e3o Solid\u00e1rio, que arrecadou quase seis toneladas de alimentos (5.836 kg, equivalente a 6.952 itens), que ser\u00e3o doados a entidades que atendem pessoas em vulnerabilidade social na Rainha da Borborema.<\/p>\n<p>Esta edi\u00e7\u00e3o do Sal\u00e3o do Artesanato homenageou o macram\u00ea, com o tema &#8220;Macram\u00ea \u2014 a arte de arrochar o n\u00f3&#8221;, promovendo um verdadeiro resgate da tipologia, presente principalmente nos munic\u00edpios de Araruna, Campina Grande e Jo\u00e3o Pessoa. Al\u00e9m das vendas e da solidariedade da popula\u00e7\u00e3o, o Sal\u00e3o do Artesanato Paraibano tamb\u00e9m foi marcado pela apresenta\u00e7\u00e3o de grandes atra\u00e7\u00f5es culturais, incluindo um desfile na sexta-feira (27) que apresentou a cole\u00e7\u00e3o &#8220;Fortes como a Flor&#8221;, resultado de uma consultoria ministrada pela estilista Carol Teixeira com as artes\u00e3s macrameiras de Araruna \u2014 uma a\u00e7\u00e3o conjunta do Governo do Estado e Sebrae.<\/p>\n","protected":false},"excerpt":{"rendered":"<p>A40\u00aa edi\u00e7\u00e3o do Sal\u00e3o do Artesanato Paraibano foi encerrada, nesse domingo (29), em Campina Grande, com mais de R$ 2,7 milh\u00f5es comercializados pelos artes\u00e3os que participaram do evento, realizado pelo Governo da Para\u00edba e Sebrae-PB. Outro destaque foi o Projeto Sal\u00e3o Solid\u00e1rio, que arrecadou quase seis toneladas de alimentos (5.836 kg, equivalente a 6.952 itens), &hellip;<\/p>\n","protected":false},"author":1,"featured_media":100607,"comment_status":"open","ping_status":"open","sticky":false,"template":"","format":"standard","meta":{"footnotes":""},"categories":[4],"tags":[],"class_list":["post-135323","post","type-post","status-publish","format-standard","has-post-thumbnail","hentry","category-cultura"],"_links":{"self":[{"href":"https:\/\/iparaiba.com.br\/index.php\/wp-json\/wp\/v2\/posts\/135323","targetHints":{"allow":["GET"]}}],"collection":[{"href":"https:\/\/iparaiba.com.br\/index.php\/wp-json\/wp\/v2\/posts"}],"about":[{"href":"https:\/\/iparaiba.com.br\/index.php\/wp-json\/wp\/v2\/types\/post"}],"author":[{"embeddable":true,"href":"https:\/\/iparaiba.com.br\/index.php\/wp-json\/wp\/v2\/users\/1"}],"replies":[{"embeddable":true,"href":"https:\/\/iparaiba.com.br\/index.php\/wp-json\/wp\/v2\/comments?post=135323"}],"version-history":[{"count":0,"href":"https:\/\/iparaiba.com.br\/index.php\/wp-json\/wp\/v2\/posts\/135323\/revisions"}],"wp:featuredmedia":[{"embeddable":true,"href":"https:\/\/iparaiba.com.br\/index.php\/wp-json\/wp\/v2\/media\/100607"}],"wp:attachment":[{"href":"https:\/\/iparaiba.com.br\/index.php\/wp-json\/wp\/v2\/media?parent=135323"}],"wp:term":[{"taxonomy":"category","embeddable":true,"href":"https:\/\/iparaiba.com.br\/index.php\/wp-json\/wp\/v2\/categories?post=135323"},{"taxonomy":"post_tag","embeddable":true,"href":"https:\/\/iparaiba.com.br\/index.php\/wp-json\/wp\/v2\/tags?post=135323"}],"curies":[{"name":"wp","href":"https:\/\/api.w.org\/{rel}","templated":true}]}}