{"id":135322,"date":"2025-07-01T12:49:42","date_gmt":"2025-07-01T15:49:42","guid":{"rendered":"https:\/\/onordeste.com.br\/?p=135287"},"modified":"2025-07-01T12:49:42","modified_gmt":"2025-07-01T15:49:42","slug":"plano-safra-tera-r-89-milhoes","status":"publish","type":"post","link":"https:\/\/iparaiba.com.br\/index.php\/2025\/07\/01\/plano-safra-tera-r-89-milhoes\/","title":{"rendered":"Plano Safra ter\u00e1 R$ 89 milh\u00f5es"},"content":{"rendered":"<p>O ministro do Desenvolvimento Agr\u00e1rio e Agricultura Familiar, Paulo Teixeira, disse nesta ter\u00e7a-feira (1\u00ba) que os pre\u00e7os dos alimentos v\u00e3o cair com o Plano Safra da Agricultura Familiar, que prev\u00ea R$ 89 bilh\u00f5es para cr\u00e9dito rural no \u00e2mbito do Programa Nacional de Fortalecimento da Agricultura Familiar (Pronaf) e outras pol\u00edticas. O valor \u00e9 recorde para o setor \u2013 em 2024, foram destinados R$ 76 bilh\u00f5es em recursos.<\/p>\n<p>Ao participar de entrevista a emissoras de r\u00e1dio durante o programa Bom Dia, Ministro, produzido pela Empresa Brasil de Comunica\u00e7\u00e3o (EBC), Teixeira lembrou que os investimentos j\u00e1 se refletem na queda do pre\u00e7o do arroz, que baixou 33%; do feij\u00e3o, que caiu 10%; da batata inglesa, que teve queda de 46%; da banana, 16%; e do tomate, 29,77%.<\/p>\n<div class=\"autor-noticia\"><em>Ag\u00eancia Brasil<\/em><\/div>\n","protected":false},"excerpt":{"rendered":"<p>O ministro do Desenvolvimento Agr\u00e1rio e Agricultura Familiar, Paulo Teixeira, disse nesta ter\u00e7a-feira (1\u00ba) que os pre\u00e7os dos alimentos v\u00e3o cair com o Plano Safra da Agricultura Familiar, que prev\u00ea R$ 89 bilh\u00f5es para cr\u00e9dito rural no \u00e2mbito do Programa Nacional de Fortalecimento da Agricultura Familiar (Pronaf) e outras pol\u00edticas. O valor \u00e9 recorde para &hellip;<\/p>\n","protected":false},"author":1,"featured_media":97732,"comment_status":"open","ping_status":"open","sticky":false,"template":"","format":"standard","meta":{"footnotes":""},"categories":[3],"tags":[],"class_list":["post-135322","post","type-post","status-publish","format-standard","has-post-thumbnail","hentry","category-nordeste"],"_links":{"self":[{"href":"https:\/\/iparaiba.com.br\/index.php\/wp-json\/wp\/v2\/posts\/135322","targetHints":{"allow":["GET"]}}],"collection":[{"href":"https:\/\/iparaiba.com.br\/index.php\/wp-json\/wp\/v2\/posts"}],"about":[{"href":"https:\/\/iparaiba.com.br\/index.php\/wp-json\/wp\/v2\/types\/post"}],"author":[{"embeddable":true,"href":"https:\/\/iparaiba.com.br\/index.php\/wp-json\/wp\/v2\/users\/1"}],"replies":[{"embeddable":true,"href":"https:\/\/iparaiba.com.br\/index.php\/wp-json\/wp\/v2\/comments?post=135322"}],"version-history":[{"count":0,"href":"https:\/\/iparaiba.com.br\/index.php\/wp-json\/wp\/v2\/posts\/135322\/revisions"}],"wp:featuredmedia":[{"embeddable":true,"href":"https:\/\/iparaiba.com.br\/index.php\/wp-json\/wp\/v2\/media\/97732"}],"wp:attachment":[{"href":"https:\/\/iparaiba.com.br\/index.php\/wp-json\/wp\/v2\/media?parent=135322"}],"wp:term":[{"taxonomy":"category","embeddable":true,"href":"https:\/\/iparaiba.com.br\/index.php\/wp-json\/wp\/v2\/categories?post=135322"},{"taxonomy":"post_tag","embeddable":true,"href":"https:\/\/iparaiba.com.br\/index.php\/wp-json\/wp\/v2\/tags?post=135322"}],"curies":[{"name":"wp","href":"https:\/\/api.w.org\/{rel}","templated":true}]}}