{"id":135312,"date":"2025-07-03T08:00:31","date_gmt":"2025-07-03T11:00:31","guid":{"rendered":"https:\/\/onordeste.com.br\/?p=135309"},"modified":"2025-07-03T08:00:31","modified_gmt":"2025-07-03T11:00:31","slug":"teste-mostra-que-5g-sem-fio-e-eficaz-para-conectar-escolas-em-areas-remotas","status":"publish","type":"post","link":"https:\/\/iparaiba.com.br\/index.php\/2025\/07\/03\/teste-mostra-que-5g-sem-fio-e-eficaz-para-conectar-escolas-em-areas-remotas\/","title":{"rendered":"Teste mostra que 5G sem fio \u00e9 eficaz para conectar escolas em \u00e1reas remotas"},"content":{"rendered":"<p>Uma nova porta se abre para conectar escolas p\u00fablicas em \u00e1reas rurais e isoladas do Brasil \u00e0 internet de alta velocidade. Um projeto-piloto liderado pelo Minist\u00e9rio das Comunica\u00e7\u00f5es (MCom), com apoio de parceiros como CPQD, Qualcomm, Intelbras e Brisanet, testou o uso da tecnologia 5G FWA (acesso fixo sem fio, em portugu\u00eas) em tr\u00eas escolas do interior do Rio Grande do Norte, e o resultado surpreendeu: desempenho compar\u00e1vel ao da fibra \u00f3ptica, com capacidade para atender aos par\u00e2metros da Estrat\u00e9gia Nacional de Escolas Conectadas (ENEC).<\/p>\n<p>Com cinco semanas de dura\u00e7\u00e3o, o projeto-piloto avaliou o uso da tecnologia 5G FWA para fins pedag\u00f3gicos em \u00e1reas remotas do Nordeste. Para isso, foram escolhidas tr\u00eas escolas rurais de localidades distintas do Rio Grande do Norte. O crit\u00e9rio utilizado na sele\u00e7\u00e3o foi a dist\u00e2ncia entre a escola e a torre de transmiss\u00e3o do sinal 5G (ERB) da Brisanet \u2014 que, neste teste, variou de 1,6 a 4,7 quil\u00f4metros. Essas dist\u00e2ncias foram viabilizadas gra\u00e7as ao uso de equipamentos CPE externos, que permitem melhor capta\u00e7\u00e3o do sinal da ERB.<\/p>\n<p>\u201cTemos o objetivo de conectar todas as 138 mil escolas da educa\u00e7\u00e3o b\u00e1sica por meio do programa Escolas Conectadas. O resultado desse piloto mostra que o 5G FWA pode ser uma alternativa r\u00e1pida e vi\u00e1vel, complementando a fibra \u00f3ptica e a conex\u00e3o satelital. Isso acelera a implementa\u00e7\u00e3o da nossa pol\u00edtica p\u00fablica e amplia as possibilidades de inclus\u00e3o digital no pa\u00eds\u201d, afirmou o ministro das Comunica\u00e7\u00f5es, Frederico de Siqueira Filho.<\/p>\n","protected":false},"excerpt":{"rendered":"<p>Uma nova porta se abre para conectar escolas p\u00fablicas em \u00e1reas rurais e isoladas do Brasil \u00e0 internet de alta velocidade. Um projeto-piloto liderado pelo Minist\u00e9rio das Comunica\u00e7\u00f5es (MCom), com apoio de parceiros como CPQD, Qualcomm, Intelbras e Brisanet, testou o uso da tecnologia 5G FWA (acesso fixo sem fio, em portugu\u00eas) em tr\u00eas escolas &hellip;<\/p>\n","protected":false},"author":1,"featured_media":115334,"comment_status":"open","ping_status":"open","sticky":false,"template":"","format":"standard","meta":{"footnotes":""},"categories":[11],"tags":[],"class_list":["post-135312","post","type-post","status-publish","format-standard","has-post-thumbnail","hentry","category-educacao"],"_links":{"self":[{"href":"https:\/\/iparaiba.com.br\/index.php\/wp-json\/wp\/v2\/posts\/135312","targetHints":{"allow":["GET"]}}],"collection":[{"href":"https:\/\/iparaiba.com.br\/index.php\/wp-json\/wp\/v2\/posts"}],"about":[{"href":"https:\/\/iparaiba.com.br\/index.php\/wp-json\/wp\/v2\/types\/post"}],"author":[{"embeddable":true,"href":"https:\/\/iparaiba.com.br\/index.php\/wp-json\/wp\/v2\/users\/1"}],"replies":[{"embeddable":true,"href":"https:\/\/iparaiba.com.br\/index.php\/wp-json\/wp\/v2\/comments?post=135312"}],"version-history":[{"count":1,"href":"https:\/\/iparaiba.com.br\/index.php\/wp-json\/wp\/v2\/posts\/135312\/revisions"}],"predecessor-version":[{"id":135333,"href":"https:\/\/iparaiba.com.br\/index.php\/wp-json\/wp\/v2\/posts\/135312\/revisions\/135333"}],"wp:featuredmedia":[{"embeddable":true,"href":"https:\/\/iparaiba.com.br\/index.php\/wp-json\/wp\/v2\/media\/115334"}],"wp:attachment":[{"href":"https:\/\/iparaiba.com.br\/index.php\/wp-json\/wp\/v2\/media?parent=135312"}],"wp:term":[{"taxonomy":"category","embeddable":true,"href":"https:\/\/iparaiba.com.br\/index.php\/wp-json\/wp\/v2\/categories?post=135312"},{"taxonomy":"post_tag","embeddable":true,"href":"https:\/\/iparaiba.com.br\/index.php\/wp-json\/wp\/v2\/tags?post=135312"}],"curies":[{"name":"wp","href":"https:\/\/api.w.org\/{rel}","templated":true}]}}