{"id":135308,"date":"2025-07-02T14:01:27","date_gmt":"2025-07-02T17:01:27","guid":{"rendered":"https:\/\/onordeste.com.br\/?p=135301"},"modified":"2025-07-02T14:01:27","modified_gmt":"2025-07-02T17:01:27","slug":"acao-do-inss-no-nordeste-soma-5-700-atendimentos-extras","status":"publish","type":"post","link":"https:\/\/iparaiba.com.br\/index.php\/2025\/07\/02\/acao-do-inss-no-nordeste-soma-5-700-atendimentos-extras\/","title":{"rendered":"A\u00e7\u00e3o do INSS no Nordeste soma 5.700 atendimentos extras"},"content":{"rendered":"<p>No \u00faltimo fim de semana (28 e 29), mais de 30 ag\u00eancias da Previd\u00eancia Social na Regi\u00e3o Nordeste realizaram mutir\u00e3o de avalia\u00e7\u00e3o social e per\u00edcia m\u00e9dica. Ao todo, 5.738 atendimentos extras beneficiaram requerentes do Benef\u00edcio de Presta\u00e7\u00e3o Continuada (BPC) \u00e0 pessoa com defici\u00eancia e do benef\u00edcio por incapacidade tempor\u00e1ria (antigo aux\u00edlio-doen\u00e7a). A a\u00e7\u00e3o tamb\u00e9m contemplou os agendamentos de revis\u00e3o.<\/p>\n<p>&#8220;A avalia\u00e7\u00e3o estava agendada para janeiro de 2026 e precis\u00e1vamos muito desse apoio financeiro para cuidar do meu filho. Esse trabalho do INSS no fim de semana \u00e9 uma b\u00ean\u00e7\u00e3o&#8221;, comentou Tayane Andrade, de 23 anos, que foi uma das m\u00e3es beneficiadas pela a\u00e7\u00e3o, atendida na Ag\u00eancia Fortaleza Centro, no Cear\u00e1. S\u00f3 na capital cearense, mais de 1,6 mil agendamentos foram antecipados.<\/p>\n<p>Em julho, a previs\u00e3o \u00e9 chegar a 20 mil atendimentos extras no Nordeste, com a\u00e7\u00f5es nos nove estados. A popula\u00e7\u00e3o pode solicitar antecipa\u00e7\u00e3o dos atendimentos por meio da Central 135 ou Meu INSS (aplicativo ou site).<\/p>\n<p>O superintendente regional do INSS no Nordeste, Caio Maia Figueiredo, refor\u00e7a a import\u00e2ncia desse trabalho para a popula\u00e7\u00e3o. &#8220;\u00c9 um esfor\u00e7o conjunto da equipe da Superintend\u00eancia, em parceria com a Presid\u00eancia do INSS e o Minist\u00e9rio da Previd\u00eancia Social, para levar dignidade, atendimento humanizado e o reconhecimento de direito para quem tanto precisa\u201d, concluiu.<\/p>\n","protected":false},"excerpt":{"rendered":"<p>No \u00faltimo fim de semana (28 e 29), mais de 30 ag\u00eancias da Previd\u00eancia Social na Regi\u00e3o Nordeste realizaram mutir\u00e3o de avalia\u00e7\u00e3o social e per\u00edcia m\u00e9dica. Ao todo, 5.738 atendimentos extras beneficiaram requerentes do Benef\u00edcio de Presta\u00e7\u00e3o Continuada (BPC) \u00e0 pessoa com defici\u00eancia e do benef\u00edcio por incapacidade tempor\u00e1ria (antigo aux\u00edlio-doen\u00e7a). A a\u00e7\u00e3o tamb\u00e9m contemplou &hellip;<\/p>\n","protected":false},"author":1,"featured_media":98876,"comment_status":"open","ping_status":"open","sticky":false,"template":"","format":"standard","meta":{"footnotes":""},"categories":[6],"tags":[],"class_list":["post-135308","post","type-post","status-publish","format-standard","has-post-thumbnail","hentry","category-destaques"],"_links":{"self":[{"href":"https:\/\/iparaiba.com.br\/index.php\/wp-json\/wp\/v2\/posts\/135308","targetHints":{"allow":["GET"]}}],"collection":[{"href":"https:\/\/iparaiba.com.br\/index.php\/wp-json\/wp\/v2\/posts"}],"about":[{"href":"https:\/\/iparaiba.com.br\/index.php\/wp-json\/wp\/v2\/types\/post"}],"author":[{"embeddable":true,"href":"https:\/\/iparaiba.com.br\/index.php\/wp-json\/wp\/v2\/users\/1"}],"replies":[{"embeddable":true,"href":"https:\/\/iparaiba.com.br\/index.php\/wp-json\/wp\/v2\/comments?post=135308"}],"version-history":[{"count":1,"href":"https:\/\/iparaiba.com.br\/index.php\/wp-json\/wp\/v2\/posts\/135308\/revisions"}],"predecessor-version":[{"id":135329,"href":"https:\/\/iparaiba.com.br\/index.php\/wp-json\/wp\/v2\/posts\/135308\/revisions\/135329"}],"wp:featuredmedia":[{"embeddable":true,"href":"https:\/\/iparaiba.com.br\/index.php\/wp-json\/wp\/v2\/media\/98876"}],"wp:attachment":[{"href":"https:\/\/iparaiba.com.br\/index.php\/wp-json\/wp\/v2\/media?parent=135308"}],"wp:term":[{"taxonomy":"category","embeddable":true,"href":"https:\/\/iparaiba.com.br\/index.php\/wp-json\/wp\/v2\/categories?post=135308"},{"taxonomy":"post_tag","embeddable":true,"href":"https:\/\/iparaiba.com.br\/index.php\/wp-json\/wp\/v2\/tags?post=135308"}],"curies":[{"name":"wp","href":"https:\/\/api.w.org\/{rel}","templated":true}]}}