{"id":135307,"date":"2025-07-02T10:00:41","date_gmt":"2025-07-02T13:00:41","guid":{"rendered":"https:\/\/onordeste.com.br\/?p=135299"},"modified":"2025-07-02T10:00:41","modified_gmt":"2025-07-02T13:00:41","slug":"policias-desmontam-esquema-de-roubo-interestadual-de-carros","status":"publish","type":"post","link":"https:\/\/iparaiba.com.br\/index.php\/2025\/07\/02\/policias-desmontam-esquema-de-roubo-interestadual-de-carros\/","title":{"rendered":"Pol\u00edcias desmontam esquema de roubo interestadual de carros"},"content":{"rendered":"<p>Roubar ve\u00edculo na Para\u00edba e levar para o Estado de Pernambuco. Esse seria o esquema do qual fazia parte um homem que foi preso em flagrante, na noite dessa quinta-feira (26), atrav\u00e9s de um trabalho integrado das Pol\u00edcias Militares dos dois Estados. A pris\u00e3o aconteceu perto da cidade de Abreu e Lima (PE).<\/p>\n<p>O acusado estava em um carro que tinha acabado de roubar no viaduto do Ernesto Geisel, em Jo\u00e3o Pessoa. O ve\u00edculo estava sendo levado pela BR 101 para o Estado de Pernambuco, mas foi interceptado depois que a PM da Para\u00edba passou informa\u00e7\u00f5es para o 26\u00ba Batalh\u00e3o de Pol\u00edcia Militar de Pernambuco. Houve troca de tiros e o suspeito, que tem 30 anos, saiu ferido e foi socorrido para um hospital local. O preso j\u00e1 tem passagem pela pol\u00edcia por furto de ve\u00edculo.<\/p>\n<p>No \u00faltimo s\u00e1bado (21), tamb\u00e9m como resultado da integra\u00e7\u00e3o entre as Pol\u00edcias Militares da Para\u00edba e Pernambuco, foram presos, na cidade de Igarassu \u2013 PE, dois acusados que planejavam atacar caixas eletr\u00f4nicos no bairro do Bessa, em Jo\u00e3o Pessoa. Eles estavam um carro com ferramentas p\u00e9-de-cabra, broca, chave de fenda. Os criminosos tamb\u00e9m usariam um jammer, que bloqueia diversos tipos de sinais comunicadores, como os de celular, wi-fi, GPS, entre outros. Eles confessaram que iriam cometer o crime.<\/p>\n","protected":false},"excerpt":{"rendered":"<p>Roubar ve\u00edculo na Para\u00edba e levar para o Estado de Pernambuco. Esse seria o esquema do qual fazia parte um homem que foi preso em flagrante, na noite dessa quinta-feira (26), atrav\u00e9s de um trabalho integrado das Pol\u00edcias Militares dos dois Estados. A pris\u00e3o aconteceu perto da cidade de Abreu e Lima (PE). O acusado &hellip;<\/p>\n","protected":false},"author":1,"featured_media":98188,"comment_status":"open","ping_status":"open","sticky":false,"template":"","format":"standard","meta":{"footnotes":""},"categories":[13],"tags":[],"class_list":["post-135307","post","type-post","status-publish","format-standard","has-post-thumbnail","hentry","category-policial"],"_links":{"self":[{"href":"https:\/\/iparaiba.com.br\/index.php\/wp-json\/wp\/v2\/posts\/135307","targetHints":{"allow":["GET"]}}],"collection":[{"href":"https:\/\/iparaiba.com.br\/index.php\/wp-json\/wp\/v2\/posts"}],"about":[{"href":"https:\/\/iparaiba.com.br\/index.php\/wp-json\/wp\/v2\/types\/post"}],"author":[{"embeddable":true,"href":"https:\/\/iparaiba.com.br\/index.php\/wp-json\/wp\/v2\/users\/1"}],"replies":[{"embeddable":true,"href":"https:\/\/iparaiba.com.br\/index.php\/wp-json\/wp\/v2\/comments?post=135307"}],"version-history":[{"count":1,"href":"https:\/\/iparaiba.com.br\/index.php\/wp-json\/wp\/v2\/posts\/135307\/revisions"}],"predecessor-version":[{"id":135328,"href":"https:\/\/iparaiba.com.br\/index.php\/wp-json\/wp\/v2\/posts\/135307\/revisions\/135328"}],"wp:featuredmedia":[{"embeddable":true,"href":"https:\/\/iparaiba.com.br\/index.php\/wp-json\/wp\/v2\/media\/98188"}],"wp:attachment":[{"href":"https:\/\/iparaiba.com.br\/index.php\/wp-json\/wp\/v2\/media?parent=135307"}],"wp:term":[{"taxonomy":"category","embeddable":true,"href":"https:\/\/iparaiba.com.br\/index.php\/wp-json\/wp\/v2\/categories?post=135307"},{"taxonomy":"post_tag","embeddable":true,"href":"https:\/\/iparaiba.com.br\/index.php\/wp-json\/wp\/v2\/tags?post=135307"}],"curies":[{"name":"wp","href":"https:\/\/api.w.org\/{rel}","templated":true}]}}