{"id":135306,"date":"2025-07-02T08:00:25","date_gmt":"2025-07-02T11:00:25","guid":{"rendered":"https:\/\/onordeste.com.br\/?p=135297"},"modified":"2025-07-02T08:00:25","modified_gmt":"2025-07-02T11:00:25","slug":"educacao-prorroga-prazo-de-cadastro-no-programa-passe-livre","status":"publish","type":"post","link":"https:\/\/iparaiba.com.br\/index.php\/2025\/07\/02\/educacao-prorroga-prazo-de-cadastro-no-programa-passe-livre\/","title":{"rendered":"Educa\u00e7\u00e3o prorroga prazo de cadastro no programa Passe Livre"},"content":{"rendered":"<p>Com o retorno das aulas nesta segunda-feira (30), a Secretaria de Estado da Educa\u00e7\u00e3o anunciou a prorroga\u00e7\u00e3o do prazo de cadastro no programa Passe Livre Estudantil. At\u00e9 o momento, quase 16 mil estudantes da rede foram cadastrados no programa. A iniciativa contempla estudantes matriculados em escolas estaduais no 9\u00ba ano do Ensino Fundamental e no Ensino M\u00e9dio, com resid\u00eancia nas cidades de Campina Grande, Santa Rita, Bayeux, Jo\u00e3o Pessoa e Cabedelo. O cadastro \u00e9 gratuito e renovado mensalmente com uma recarga de 44 passagens, conforme a frequ\u00eancia escolar m\u00ednima de 90% em sala de aula. Com isso, o estudante s\u00f3 precisa ir presencialmente \u00e0 sede dos sindicatos do transporte coletivo apenas uma vez.<\/p>\n<p>Em Jo\u00e3o Pessoa, o estudante pode comparecer ao guich\u00ea do Sindicato das Empresas de Transporte Coletivo Urbano de Passageiros no Munic\u00edpio de Jo\u00e3o Pessoa (Sintur-JP), localizado no Terminal Rodovi\u00e1rio Severino Camelo, no bairro do Varadouro, no hor\u00e1rio de segunda a sexta-feira, das 7h30 \u00e0s 17h, e aos s\u00e1bados, das 8h \u00e0s 12h. Em Campina Grande, o cadastramento segue sendo feito no Sindicato das Empresas de Transporte de Passageiros de Campina Grande (Sitrans\/CG), no Terminal de Integra\u00e7\u00e3o, no centro da cidade. De segunda a sexta-feira das 8h \u00e0s 17h e nos s\u00e1bados das 8h \u00e0s 13h.<\/p>\n","protected":false},"excerpt":{"rendered":"<p>Com o retorno das aulas nesta segunda-feira (30), a Secretaria de Estado da Educa\u00e7\u00e3o anunciou a prorroga\u00e7\u00e3o do prazo de cadastro no programa Passe Livre Estudantil. At\u00e9 o momento, quase 16 mil estudantes da rede foram cadastrados no programa. A iniciativa contempla estudantes matriculados em escolas estaduais no 9\u00ba ano do Ensino Fundamental e no &hellip;<\/p>\n","protected":false},"author":1,"featured_media":108364,"comment_status":"open","ping_status":"open","sticky":false,"template":"","format":"standard","meta":{"footnotes":""},"categories":[11],"tags":[],"class_list":["post-135306","post","type-post","status-publish","format-standard","has-post-thumbnail","hentry","category-educacao"],"_links":{"self":[{"href":"https:\/\/iparaiba.com.br\/index.php\/wp-json\/wp\/v2\/posts\/135306","targetHints":{"allow":["GET"]}}],"collection":[{"href":"https:\/\/iparaiba.com.br\/index.php\/wp-json\/wp\/v2\/posts"}],"about":[{"href":"https:\/\/iparaiba.com.br\/index.php\/wp-json\/wp\/v2\/types\/post"}],"author":[{"embeddable":true,"href":"https:\/\/iparaiba.com.br\/index.php\/wp-json\/wp\/v2\/users\/1"}],"replies":[{"embeddable":true,"href":"https:\/\/iparaiba.com.br\/index.php\/wp-json\/wp\/v2\/comments?post=135306"}],"version-history":[{"count":1,"href":"https:\/\/iparaiba.com.br\/index.php\/wp-json\/wp\/v2\/posts\/135306\/revisions"}],"predecessor-version":[{"id":135327,"href":"https:\/\/iparaiba.com.br\/index.php\/wp-json\/wp\/v2\/posts\/135306\/revisions\/135327"}],"wp:featuredmedia":[{"embeddable":true,"href":"https:\/\/iparaiba.com.br\/index.php\/wp-json\/wp\/v2\/media\/108364"}],"wp:attachment":[{"href":"https:\/\/iparaiba.com.br\/index.php\/wp-json\/wp\/v2\/media?parent=135306"}],"wp:term":[{"taxonomy":"category","embeddable":true,"href":"https:\/\/iparaiba.com.br\/index.php\/wp-json\/wp\/v2\/categories?post=135306"},{"taxonomy":"post_tag","embeddable":true,"href":"https:\/\/iparaiba.com.br\/index.php\/wp-json\/wp\/v2\/tags?post=135306"}],"curies":[{"name":"wp","href":"https:\/\/api.w.org\/{rel}","templated":true}]}}