{"id":135305,"date":"2025-07-02T06:00:01","date_gmt":"2025-07-02T09:00:01","guid":{"rendered":"https:\/\/onordeste.com.br\/?p=135295"},"modified":"2025-07-02T06:00:01","modified_gmt":"2025-07-02T09:00:01","slug":"programacao-de-julho-do-cine-bangue-tem-estreias-nacionais-e-mostra-italiana","status":"publish","type":"post","link":"https:\/\/iparaiba.com.br\/index.php\/2025\/07\/02\/programacao-de-julho-do-cine-bangue-tem-estreias-nacionais-e-mostra-italiana\/","title":{"rendered":"Programa\u00e7\u00e3o de julho do Cine Bangu\u00ea tem estreias nacionais E mostra italiana"},"content":{"rendered":"<p>Quatro novos filmes entram em cartaz na programa\u00e7\u00e3o de julho do Cine Bangu\u00ea da Funda\u00e7\u00e3o Espa\u00e7o Cultural da Para\u00edba (Funesc), em Jo\u00e3o Pessoa. A partir desta ter\u00e7a-feira (1\u00ba), ser\u00e3o exibidos os longas-metragens, \u2018Criaturas da Mente\u2019, \u2018O Sil\u00eancio das Ostras\u2019, \u2018Y\u00f5g \u00c3tak: Meu Pai, Kaiow\u00e1\u2019, al\u00e9m do curta \u2018Alegoria Urbana\u2019 e o m\u00e9dia-metragem \u2018N\u00e3o Sou Eu\u2019. J\u00e1 as produ\u00e7\u00f5es \u2018Ab\u00e1 e sua banda\u2019, \u2018Pr\u00e9dio Vazio\u2019 e \u2018Saneamento B\u00e1sico + Ilha das Flores\u2019 continuam na grade de programa\u00e7\u00e3o.<\/p>\n<p>\u2018Criaturas da Mente\u2019 tem dire\u00e7\u00e3o de Marcelo Gomes e tem o sonho como motor da revolu\u00e7\u00e3o humana. Esse \u00e9 o mote de Sidarta Ribeiro, neurocientista brasileiro que, h\u00e1 20 anos, estuda os mist\u00e9rios do sonhar. No filme &#8220;Criaturas da Mente&#8221;, Sidarta explora como os sonhos e outras formas de acesso ao inconsciente podem transformar a experi\u00eancia humana. Em sua investiga\u00e7\u00e3o, prop\u00f5e unir os saberes ancestrais dos povos origin\u00e1rios e de origem africana no Brasil ao conhecimento cient\u00edfico, al\u00e9m de uma reavalia\u00e7\u00e3o cient\u00edfica das experi\u00eancias com alucin\u00f3genos.<\/p>\n","protected":false},"excerpt":{"rendered":"<p>Quatro novos filmes entram em cartaz na programa\u00e7\u00e3o de julho do Cine Bangu\u00ea da Funda\u00e7\u00e3o Espa\u00e7o Cultural da Para\u00edba (Funesc), em Jo\u00e3o Pessoa. A partir desta ter\u00e7a-feira (1\u00ba), ser\u00e3o exibidos os longas-metragens, \u2018Criaturas da Mente\u2019, \u2018O Sil\u00eancio das Ostras\u2019, \u2018Y\u00f5g \u00c3tak: Meu Pai, Kaiow\u00e1\u2019, al\u00e9m do curta \u2018Alegoria Urbana\u2019 e o m\u00e9dia-metragem \u2018N\u00e3o Sou Eu\u2019. &hellip;<\/p>\n","protected":false},"author":1,"featured_media":112760,"comment_status":"open","ping_status":"open","sticky":false,"template":"","format":"standard","meta":{"footnotes":""},"categories":[4],"tags":[],"class_list":["post-135305","post","type-post","status-publish","format-standard","has-post-thumbnail","hentry","category-cultura"],"_links":{"self":[{"href":"https:\/\/iparaiba.com.br\/index.php\/wp-json\/wp\/v2\/posts\/135305","targetHints":{"allow":["GET"]}}],"collection":[{"href":"https:\/\/iparaiba.com.br\/index.php\/wp-json\/wp\/v2\/posts"}],"about":[{"href":"https:\/\/iparaiba.com.br\/index.php\/wp-json\/wp\/v2\/types\/post"}],"author":[{"embeddable":true,"href":"https:\/\/iparaiba.com.br\/index.php\/wp-json\/wp\/v2\/users\/1"}],"replies":[{"embeddable":true,"href":"https:\/\/iparaiba.com.br\/index.php\/wp-json\/wp\/v2\/comments?post=135305"}],"version-history":[{"count":1,"href":"https:\/\/iparaiba.com.br\/index.php\/wp-json\/wp\/v2\/posts\/135305\/revisions"}],"predecessor-version":[{"id":135326,"href":"https:\/\/iparaiba.com.br\/index.php\/wp-json\/wp\/v2\/posts\/135305\/revisions\/135326"}],"wp:featuredmedia":[{"embeddable":true,"href":"https:\/\/iparaiba.com.br\/index.php\/wp-json\/wp\/v2\/media\/112760"}],"wp:attachment":[{"href":"https:\/\/iparaiba.com.br\/index.php\/wp-json\/wp\/v2\/media?parent=135305"}],"wp:term":[{"taxonomy":"category","embeddable":true,"href":"https:\/\/iparaiba.com.br\/index.php\/wp-json\/wp\/v2\/categories?post=135305"},{"taxonomy":"post_tag","embeddable":true,"href":"https:\/\/iparaiba.com.br\/index.php\/wp-json\/wp\/v2\/tags?post=135305"}],"curies":[{"name":"wp","href":"https:\/\/api.w.org\/{rel}","templated":true}]}}