{"id":135303,"date":"2025-07-01T15:00:42","date_gmt":"2025-07-01T18:00:42","guid":{"rendered":"https:\/\/onordeste.com.br\/?p=135291"},"modified":"2025-07-01T15:00:42","modified_gmt":"2025-07-01T18:00:42","slug":"paraiba-e-destaque-em-volume-de-vendas-do-comercio-e-de-servicos","status":"publish","type":"post","link":"https:\/\/iparaiba.com.br\/index.php\/2025\/07\/01\/paraiba-e-destaque-em-volume-de-vendas-do-comercio-e-de-servicos\/","title":{"rendered":"Para\u00edba \u00e9 destaque em volume de vendas do com\u00e9rcio e de servi\u00e7os"},"content":{"rendered":"<p>A Para\u00edba foi o segundo estado brasileiro a registrar maior crescimento do volume de vendas do com\u00e9rcio varejista no ano passado, de acordo com os Indicadores Econ\u00f4micos do Brasil 2024, que foram divulgados pelo Instituto Brasileiro de Geografia e Estat\u00edstica (IBGE) nessa \u00faltima semana. Conforme a publica\u00e7\u00e3o, no acumulado de 2024, todas as Unidades da Federa\u00e7\u00e3o registraram crescimento do volume de vendas do com\u00e9rcio varejista, sendo que os maiores ganhos foram observados no Amap\u00e1 (17,0%), na Para\u00edba (11,6%) e no Tocantins (8,4%).<\/p>\n<p>J\u00e1 o avan\u00e7o do volume de servi\u00e7os no Brasil (3,2%) se deu de forma disseminada entre as Unidades da Federa\u00e7\u00e3o, j\u00e1 que 21 delas mostraram expans\u00e3o na receita real de servi\u00e7os. A taxa anual de crescimento do volume de servi\u00e7os da Para\u00edba foi de 4,8%, percentual acima do registrado pelo Brasil, que foi de 3,2%. Em rela\u00e7\u00e3o aos estados, a Para\u00edba, nesse ranking, ficou em segundo lugar no Nordeste e s\u00e9timo no pa\u00eds. Os destaques em termos de crescimento regionais foram Amazonas (10,2%), Sergipe (7,1%), Santa Catarina (6,4%), Esp\u00edrito Santo (6,3%) e Distrito Federal (5,7%).<\/p>\n<p>De acordo com a publica\u00e7\u00e3o, o &#8220;ano de 2024 foi marcado por desequil\u00edbrios clim\u00e1ticos extremos e incertezas&#8221;, tanto no cen\u00e1rio externo, com a perman\u00eancia de conflitos na Europa e no Oriente M\u00e9dio, como no cen\u00e1rio dom\u00e9stico, com expectativas relacionadas com a condu\u00e7\u00e3o da pol\u00edtica fiscal. Ainda assim, a Para\u00edba alcan\u00e7ou crescimento e destaque em pelo menos dois dos grandes setores respons\u00e1veis pela movimenta\u00e7\u00e3o da economia: no com\u00e9rcio e nos servi\u00e7os.<\/p>\n","protected":false},"excerpt":{"rendered":"<p>A Para\u00edba foi o segundo estado brasileiro a registrar maior crescimento do volume de vendas do com\u00e9rcio varejista no ano passado, de acordo com os Indicadores Econ\u00f4micos do Brasil 2024, que foram divulgados pelo Instituto Brasileiro de Geografia e Estat\u00edstica (IBGE) nessa \u00faltima semana. Conforme a publica\u00e7\u00e3o, no acumulado de 2024, todas as Unidades da &hellip;<\/p>\n","protected":false},"author":1,"featured_media":134087,"comment_status":"open","ping_status":"open","sticky":false,"template":"","format":"standard","meta":{"footnotes":""},"categories":[16],"tags":[],"class_list":["post-135303","post","type-post","status-publish","format-standard","has-post-thumbnail","hentry","category-economia"],"_links":{"self":[{"href":"https:\/\/iparaiba.com.br\/index.php\/wp-json\/wp\/v2\/posts\/135303","targetHints":{"allow":["GET"]}}],"collection":[{"href":"https:\/\/iparaiba.com.br\/index.php\/wp-json\/wp\/v2\/posts"}],"about":[{"href":"https:\/\/iparaiba.com.br\/index.php\/wp-json\/wp\/v2\/types\/post"}],"author":[{"embeddable":true,"href":"https:\/\/iparaiba.com.br\/index.php\/wp-json\/wp\/v2\/users\/1"}],"replies":[{"embeddable":true,"href":"https:\/\/iparaiba.com.br\/index.php\/wp-json\/wp\/v2\/comments?post=135303"}],"version-history":[{"count":1,"href":"https:\/\/iparaiba.com.br\/index.php\/wp-json\/wp\/v2\/posts\/135303\/revisions"}],"predecessor-version":[{"id":135324,"href":"https:\/\/iparaiba.com.br\/index.php\/wp-json\/wp\/v2\/posts\/135303\/revisions\/135324"}],"wp:featuredmedia":[{"embeddable":true,"href":"https:\/\/iparaiba.com.br\/index.php\/wp-json\/wp\/v2\/media\/134087"}],"wp:attachment":[{"href":"https:\/\/iparaiba.com.br\/index.php\/wp-json\/wp\/v2\/media?parent=135303"}],"wp:term":[{"taxonomy":"category","embeddable":true,"href":"https:\/\/iparaiba.com.br\/index.php\/wp-json\/wp\/v2\/categories?post=135303"},{"taxonomy":"post_tag","embeddable":true,"href":"https:\/\/iparaiba.com.br\/index.php\/wp-json\/wp\/v2\/tags?post=135303"}],"curies":[{"name":"wp","href":"https:\/\/api.w.org\/{rel}","templated":true}]}}