{"id":135282,"date":"2025-06-28T11:52:42","date_gmt":"2025-06-28T14:52:42","guid":{"rendered":"https:\/\/onordeste.com.br\/?p=135238"},"modified":"2025-06-28T11:52:42","modified_gmt":"2025-06-28T14:52:42","slug":"11-dias-de-programacao-cultural-ininterruptos-dentro-do-maior-sao-joao-do-mundo","status":"publish","type":"post","link":"https:\/\/iparaiba.com.br\/index.php\/2025\/06\/28\/11-dias-de-programacao-cultural-ininterruptos-dentro-do-maior-sao-joao-do-mundo\/","title":{"rendered":"11 dias de programa\u00e7\u00e3o cultural ininterruptos dentro d\u2019O Maior S\u00e3o Jo\u00e3o do Mundo"},"content":{"rendered":"<p style=\"font-weight: 400;\">A Prefeitura de Campina Grande, atrav\u00e9s da Secretaria de Cultura, divulgou uma programa\u00e7\u00e3o cultural de 11 dias ininterruptos com apresenta\u00e7\u00f5es de grupos folcl\u00f3ricos e quadrilhas juninas, contribuindo com a valoriza\u00e7\u00e3o das tradi\u00e7\u00f5es dentro d\u2019O Maior S\u00e3o Jo\u00e3o do Mundo. Visitantes e campinenses poder\u00e3o assistir bel\u00edssimos espet\u00e1culos, a exemplo da campe\u00e3 e vice-campe\u00e3 do festival de quadrilhas juninas da Para\u00edba, a campinense Moleka 100 Vergonha, e a pessoense Lageiro Seco, respectivamente.<\/p>\n<p style=\"font-weight: 400;\">A programa\u00e7\u00e3o contribui ainda com a diversidade cultural da festa incluindo, por meio da arte-educa\u00e7\u00e3o, espet\u00e1culos de p\u00edfano e percuss\u00e3o, com alunos do Centro Cultural Lourdes Ramalho. Al\u00e9m do concerto \u201cCl\u00e1ssicos Juninos\u201d, executado pela centen\u00e1ria Filarm\u00f4nica Epit\u00e1cio Pessoa em frente a r\u00e9plica da Catedral Diocesana Nossa Senhora da Concei\u00e7\u00e3o, e dos cortejos juninos, que re\u00fanem grupos folcl\u00f3ricos, quadrilhas e trios de forr\u00f3.<\/p>\n<p style=\"font-weight: 400;\">A expans\u00e3o d\u2019O Maior S\u00e3o Jo\u00e3o do Mundo tamb\u00e9m \u00e9 evidenciada pela grade montada pela Secult-CG quando representantes de v\u00e1rios locais do estado, a exemplo os munic\u00edpios de Pilar, S\u00e3o Jo\u00e3o do Tigre, Cabedelo, Monteiro, Ing\u00e1, Santa Cec\u00edlia, dentre outros, participam da festa; bem como de outros estados, a exemplo do irm\u00e3o Pernambuco, e at\u00e9 de terras mais distantes, como Bras\u00edlia, no Distrito Federal.<\/p>\n<p style=\"font-weight: 400;\"><strong>Confira abaixo as datas, locais e atra\u00e7\u00f5es na \u00edntegra:<\/strong><\/p>\n<p style=\"font-weight: 400;\">Quinta-feira (26)<strong>\u00a0<\/strong><\/p>\n<p style=\"font-weight: 400;\"><strong>Quadrilh\u00f3dromo<\/strong><\/p>\n<p style=\"font-weight: 400;\">A partir das 19h45<\/p>\n<p style=\"font-weight: 400;\">Arraial da Escola Em\u00edlia Barbosa<\/p>\n<p style=\"font-weight: 400;\">P\u00edfano e Percuss\u00e3o do CCLR<\/p>\n<p style=\"font-weight: 400;\">Projeto Imagine<\/p>\n<p style=\"font-weight: 400;\">Junina A\u00e7\u00e3o Nordestina (Pilar-PB)<strong>\u00a0<\/strong><\/p>\n<p style=\"font-weight: 400;\"><strong>Pir\u00e2mide<\/strong><\/p>\n<p style=\"font-weight: 400;\">A partir das 20h<\/p>\n<p style=\"font-weight: 400;\">Cia de Teatro e Dan\u00e7a Gado Bravo<\/p>\n<p style=\"font-weight: 400;\">Junina Xod\u00f3 do Cariri (S\u00e3o Jo\u00e3o do Tigre-PB)<\/p>\n<p style=\"font-weight: 400;\">Sexta-feira (27)<\/p>\n<p style=\"font-weight: 400;\">\n<p style=\"font-weight: 400;\"><strong>R\u00e9plica da Catedral<\/strong><\/p>\n<p style=\"font-weight: 400;\">A partir das 18h30<\/p>\n<p style=\"font-weight: 400;\">Filarm\u00f4nica Epit\u00e1cio Pessoa<\/p>\n<p style=\"font-weight: 400;\">Quadrilh\u00f3dromo<\/p>\n<p style=\"font-weight: 400;\">A partir das 20h<\/p>\n<p style=\"font-weight: 400;\">Junina IEDMD<\/p>\n<p style=\"font-weight: 400;\">Tradi\u00e7\u00e3o Junina (Ing\u00e1-PB)<\/p>\n<p style=\"font-weight: 400;\">Grupo Nordeste Alma (Santa Cec\u00edlia-PB)<\/p>\n<p style=\"font-weight: 400;\">Pir\u00e2mide<\/p>\n<p style=\"font-weight: 400;\">A partir das 20h<\/p>\n<p style=\"font-weight: 400;\">Junina Flor de Pitaya (Congo-PB)<\/p>\n<p style=\"font-weight: 400;\">Junina Ra\u00edzes de Ouro (Ouro Velho-PB)<\/p>\n<p style=\"font-weight: 400;\">Junina Jovens da Ro\u00e7a (Cust\u00f3dia-PE)<\/p>\n<p style=\"font-weight: 400;\">S\u00e1bado (28)<\/p>\n<p style=\"font-weight: 400;\">Vila do Artes\u00e3o<\/p>\n<p style=\"font-weight: 400;\">A partir das 16h<\/p>\n<p style=\"font-weight: 400;\">Junina Roj\u00e3o do Forr\u00f3<\/p>\n<p style=\"font-weight: 400;\">Quadrilh\u00f3dromo<\/p>\n<p style=\"font-weight: 400;\">A partir das 20h<\/p>\n<p style=\"font-weight: 400;\">Junina Brilha Sert\u00e3o (Princesa Isabel-PB)<\/p>\n<p style=\"font-weight: 400;\">Junina Flor de Lampi\u00e3o<\/p>\n<p style=\"font-weight: 400;\">Pir\u00e2mide<\/p>\n<p style=\"font-weight: 400;\">A partir das 20h<\/p>\n<p style=\"font-weight: 400;\">Junina Fazenda Brasil (Sousa-PB)<\/p>\n<p style=\"font-weight: 400;\">Junina Tradi\u00e7\u00e3o Junina (Arapiraca-AL)<\/p>\n<p style=\"font-weight: 400;\">Junina Fogo no Rabo (Queimadas-PB)<\/p>\n<p style=\"font-weight: 400;\">Domingo (29)<\/p>\n<p style=\"font-weight: 400;\">Vila do Artes\u00e3o<\/p>\n<p style=\"font-weight: 400;\">A partir das 17h<\/p>\n<p style=\"font-weight: 400;\">Junina Mistura Gostosa<\/p>\n<p style=\"font-weight: 400;\">Quadrilh\u00f3dromo<\/p>\n<p style=\"font-weight: 400;\">A partir das 20h<\/p>\n<p style=\"font-weight: 400;\">Junina Chamego Matuto (Lagoa de Itaenga-PE)<\/p>\n<p style=\"font-weight: 400;\">Central da GR<\/p>\n<p style=\"font-weight: 400;\">Junina Ra\u00edzes do Pa\u00f3 (Alagoa Grande-PB)<\/p>\n<p style=\"font-weight: 400;\">Xaxado Estrelas do Canga\u00e7o (Jos\u00e9 da Penha-RN)<\/p>\n<p style=\"font-weight: 400;\">Pir\u00e2mide<\/p>\n<p style=\"font-weight: 400;\">A partir das 20h<\/p>\n<p style=\"font-weight: 400;\">Junina Luar de Prata (Cust\u00f3dia-PE)<\/p>\n<p style=\"font-weight: 400;\">Ponto de Cultura Luar do Sert\u00e3o (Cust\u00f3dia-PE)<\/p>\n<p style=\"font-weight: 400;\">Junina Rainha do Vale<\/p>\n<p style=\"font-weight: 400;\">Junina Formiga na Ro\u00e7a (Bras\u00edlia-DF)<\/p>\n<p style=\"font-weight: 400;\">Segunda-feira (30)<\/p>\n<p style=\"font-weight: 400;\">Quadrilh\u00f3dromo<\/p>\n<p style=\"font-weight: 400;\">A partir das 20h<\/p>\n<p style=\"font-weight: 400;\">Mistura Junina (Guarabira-PB)<\/p>\n<p style=\"font-weight: 400;\">Arraial de Fagundes (Fagundes-PB)<\/p>\n<p style=\"font-weight: 400;\">Ter\u00e7a-feira (1)<\/p>\n<p style=\"font-weight: 400;\">Quadrilh\u00f3dromo<\/p>\n<p style=\"font-weight: 400;\">A partir das 20h<\/p>\n<p style=\"font-weight: 400;\">Junina Filhos de Parari (Parari-PB)<\/p>\n<p style=\"font-weight: 400;\">Junina Anima Show (Caruaru-PE)<\/p>\n<p style=\"font-weight: 400;\">Junina Dan\u00e7a Nordeste (Tacima-PB)<\/p>\n<p style=\"font-weight: 400;\">Quarta-feira (2)<\/p>\n<p style=\"font-weight: 400;\">Quadrilh\u00f3dromo<\/p>\n<p style=\"font-weight: 400;\">A partir das 20h<\/p>\n<p style=\"font-weight: 400;\">Junina Luar da Ilha (Cabedelo-PB)<\/p>\n<p style=\"font-weight: 400;\">Junina Fogar\u00e9u do Cariri (Monteiro-PB)<\/p>\n<p style=\"font-weight: 400;\">Quinta-feira (3)<\/p>\n<p style=\"font-weight: 400;\">Quadrilh\u00f3dromo<\/p>\n<p style=\"font-weight: 400;\">A partir das 20h<\/p>\n<p style=\"font-weight: 400;\">Junina N\u00f3s Balan\u00e7a Mas N\u00e3o Cai (Itabaiana-PB)<\/p>\n<p style=\"font-weight: 400;\">Festival de Grupos Folcl\u00f3ricos: Cia Ra\u00edzes, Tropeiros da Borborema, Arius, Acau\u00e3 da Serra e Cabroar.<\/p>\n<p style=\"font-weight: 400;\">Junina Mistura Gostosa<\/p>\n<p style=\"font-weight: 400;\">Pir\u00e2mide<\/p>\n<p style=\"font-weight: 400;\">A partir das 20h<\/p>\n<p style=\"font-weight: 400;\">Junina Not\u00e1vel do Cariri (Coxixola-PB)<\/p>\n<p style=\"font-weight: 400;\">Junina Filhos da Dan\u00e7a (Sum\u00e9-PB)<\/p>\n<p style=\"font-weight: 400;\">Grupo Flor de Caibeira (Cara\u00fabas-RN)<\/p>\n<p style=\"font-weight: 400;\">Sexta-feira (4)<\/p>\n<p style=\"font-weight: 400;\">Quadrilh\u00f3dromo<\/p>\n<p style=\"font-weight: 400;\">A partir das 19h45<\/p>\n<p style=\"font-weight: 400;\">Grupo SCVF (Ing\u00e1-PB)<\/p>\n<p style=\"font-weight: 400;\">Junina Uma Fam\u00edlia em Miss\u00e3o (Gurj\u00e3o-PB)<\/p>\n<p style=\"font-weight: 400;\">Junina S\u00f3 Risos (Jo\u00e3o Pessoa-PB)<\/p>\n<p style=\"font-weight: 400;\">Junina Menina Mo\u00e7a (Cachoeira dos \u00cdndios-PB)<\/p>\n<p style=\"font-weight: 400;\">Pir\u00e2mide<\/p>\n<p style=\"font-weight: 400;\">A partir das 20h<\/p>\n<p style=\"font-weight: 400;\">Junina Expresso Litoral (Cabedelo-PB)<\/p>\n<p style=\"font-weight: 400;\">Junina T\u00e1 Pegando Fogo (Aroeiras-PB)<\/p>\n<p style=\"font-weight: 400;\">Junina Comunidade Matuta (Lagoa de Ro\u00e7a-PB)<\/p>\n<p style=\"font-weight: 400;\">S\u00e1bado (5)<\/p>\n<p style=\"font-weight: 400;\">Vila do Artes\u00e3o<\/p>\n<p style=\"font-weight: 400;\">A partir 17h<\/p>\n<p style=\"font-weight: 400;\">Junina Moleka 100 Vergonha<\/p>\n<p style=\"font-weight: 400;\">Quadrilh\u00f3dromo<\/p>\n<p style=\"font-weight: 400;\">A partir das 20h<\/p>\n<p style=\"font-weight: 400;\">Grupo SCVF (Ing\u00e1-PB)<\/p>\n<p style=\"font-weight: 400;\">Junina Brilha Sert\u00e3o (Princesa Isabel-PB)<\/p>\n<p style=\"font-weight: 400;\">Junina Cestinha de Flores<\/p>\n<p style=\"font-weight: 400;\">Pir\u00e2mide<\/p>\n<p style=\"font-weight: 400;\">A partir das 20h<\/p>\n<p style=\"font-weight: 400;\">Junina Terra dos Fortes (Tapero\u00e1-PB)<\/p>\n<p style=\"font-weight: 400;\">Junina Arrai\u00e1 P\u00e9 de Serra (Queimadas-PB)<\/p>\n<p style=\"font-weight: 400;\">Junina Lageiro Seco (Jo\u00e3o Pessoa-PB)<\/p>\n<p style=\"font-weight: 400;\">Domingo (6)<\/p>\n<p style=\"font-weight: 400;\">Cortejo Junino com grupos folcl\u00f3ricos<\/p>\n<p style=\"font-weight: 400;\">Concentra\u00e7\u00e3o na Pir\u00e2mide a partir das 19h<\/p>\n<p style=\"font-weight: 400;\">Quadrilh\u00f3dromo<\/p>\n<p style=\"font-weight: 400;\">A partir das 20h<\/p>\n<p style=\"font-weight: 400;\">Grupo Maria Lampi\u00e3o<\/p>\n<p style=\"font-weight: 400;\">Junina Escurrega Mai Num Cai<\/p>\n<p style=\"font-weight: 400;\">Junina Arrai\u00e1 do 40<\/p>\n<p style=\"font-weight: 400;\">Moleka 100 Vergonha<\/p>\n<p style=\"font-weight: 400;\">Pir\u00e2mide<\/p>\n<p style=\"font-weight: 400;\">A partir das 20h<\/p>\n<p style=\"font-weight: 400;\">Junina Dona Ci\u00e7a (Arapiraca-AL)<\/p>\n<p style=\"font-weight: 400;\">Junina Raio de Luz (Alagoa Nova-PB)<\/p>\n<p style=\"font-weight: 400;\">Quadrilha Junina Coronel Jos\u00e9 Lins (Pilar-PB)<\/p>\n","protected":false},"excerpt":{"rendered":"<p>A Prefeitura de Campina Grande, atrav\u00e9s da Secretaria de Cultura, divulgou uma programa\u00e7\u00e3o cultural de 11 dias ininterruptos com apresenta\u00e7\u00f5es de grupos folcl\u00f3ricos e quadrilhas juninas, contribuindo com a valoriza\u00e7\u00e3o das tradi\u00e7\u00f5es dentro d\u2019O Maior S\u00e3o Jo\u00e3o do Mundo. Visitantes e campinenses poder\u00e3o assistir bel\u00edssimos espet\u00e1culos, a exemplo da campe\u00e3 e vice-campe\u00e3 do festival de &hellip;<\/p>\n","protected":false},"author":1,"featured_media":98408,"comment_status":"open","ping_status":"open","sticky":false,"template":"","format":"standard","meta":{"footnotes":""},"categories":[4],"tags":[],"class_list":["post-135282","post","type-post","status-publish","format-standard","has-post-thumbnail","hentry","category-cultura"],"_links":{"self":[{"href":"https:\/\/iparaiba.com.br\/index.php\/wp-json\/wp\/v2\/posts\/135282","targetHints":{"allow":["GET"]}}],"collection":[{"href":"https:\/\/iparaiba.com.br\/index.php\/wp-json\/wp\/v2\/posts"}],"about":[{"href":"https:\/\/iparaiba.com.br\/index.php\/wp-json\/wp\/v2\/types\/post"}],"author":[{"embeddable":true,"href":"https:\/\/iparaiba.com.br\/index.php\/wp-json\/wp\/v2\/users\/1"}],"replies":[{"embeddable":true,"href":"https:\/\/iparaiba.com.br\/index.php\/wp-json\/wp\/v2\/comments?post=135282"}],"version-history":[{"count":0,"href":"https:\/\/iparaiba.com.br\/index.php\/wp-json\/wp\/v2\/posts\/135282\/revisions"}],"wp:featuredmedia":[{"embeddable":true,"href":"https:\/\/iparaiba.com.br\/index.php\/wp-json\/wp\/v2\/media\/98408"}],"wp:attachment":[{"href":"https:\/\/iparaiba.com.br\/index.php\/wp-json\/wp\/v2\/media?parent=135282"}],"wp:term":[{"taxonomy":"category","embeddable":true,"href":"https:\/\/iparaiba.com.br\/index.php\/wp-json\/wp\/v2\/categories?post=135282"},{"taxonomy":"post_tag","embeddable":true,"href":"https:\/\/iparaiba.com.br\/index.php\/wp-json\/wp\/v2\/tags?post=135282"}],"curies":[{"name":"wp","href":"https:\/\/api.w.org\/{rel}","templated":true}]}}